{"id":18914,"date":"2014-11-11T09:53:06","date_gmt":"2014-11-11T12:53:06","guid":{"rendered":"http:\/\/argentinamunicipal.com.ar\/argentina\/?p=18914"},"modified":"2014-11-11T09:53:06","modified_gmt":"2014-11-11T12:53:06","slug":"ahora-analizan-parar-obras-en-las-peatonales-de-salta","status":"publish","type":"post","link":"http:\/\/argentinamunicipal.com.ar\/argentina\/ahora-analizan-parar-obras-en-las-peatonales-de-salta\/","title":{"rendered":"Ahora analizan parar obras en las peatonales de Salta"},"content":{"rendered":"<p><a href=\"http:\/\/argentinamunicipal.com.ar\/argentina\/wp-content\/uploads\/2014\/11\/0000254933.jpg\"><img loading=\"lazy\" decoding=\"async\" class=\"aligncenter  wp-image-18915\" src=\"http:\/\/argentinamunicipal.com.ar\/argentina\/wp-content\/uploads\/2014\/11\/0000254933.jpg\" alt=\"0000254933\" width=\"708\" height=\"398\" srcset=\"http:\/\/argentinamunicipal.com.ar\/argentina\/wp-content\/uploads\/2014\/11\/0000254933.jpg 1099w, http:\/\/argentinamunicipal.com.ar\/argentina\/wp-content\/uploads\/2014\/11\/0000254933-300x168.jpg 300w, http:\/\/argentinamunicipal.com.ar\/argentina\/wp-content\/uploads\/2014\/11\/0000254933-1024x575.jpg 1024w\" sizes=\"auto, (max-width: 708px) 100vw, 708px\" \/><\/a><\/p>\n<p>Ayer se reunieron con Miguel Isa.<\/p>\n<p>Comerciantes y frentistas de las peatonales Alberdi, Florida y Caseros repudian las obras de remodelaci\u00f3n de esos sectores y cuestionan la calidad de las terminaciones que se est\u00e1n realizando. \u00abTodo es muy grotesco, no hay detalles. Por ejemplo, el cord\u00f3n cuneta qued\u00f3 rugoso. Nos gustar\u00eda saber por qu\u00e9 la Copaups aprueba esto si nosotros, los frentistas, tenemos que consultarle hasta el color con el que vamos a pintar nuestro negocio\u00bb, expres\u00f3 el due\u00f1o de un local que solicit\u00f3 que su nombre se mantenga en reserva. Tambi\u00e9n piden que el intendente Miguel Angel Isa ordene una paralizaci\u00f3n de los trabajos y luego una vuelta atr\u00e1s, pero despu\u00e9s de que pasen las fiestas de fin de a\u00f1o, ocasi\u00f3n propicia para un aumento en las ventas. Para manifestarle estas inquietudes representantes de la C\u00e1mara de Comercio se reunieron ayer por la ma\u00f1ana en el Centro C\u00edvico Municipal con titulares del Colegio de Arquitectos y la Copaups. Todos fueron recibidos por el intendente Isa y el jefe de Gabinete municipal, Jos\u00e9 Luis Gambetta. Las conclusiones de la reuni\u00f3n se manten\u00edan en f\u00e9rreo hermetismo, pero seg\u00fan trascendidos las negociaciones para dar lugar a la solicitud de los comerciantes de frenar las obras iban a continuar tras una nueva reuni\u00f3n entre autoridades municipales y provinciales. Mientras tanto, avanza en la Justicia el amparo que promueve el abogado Santiago Pedroza cuya primera audiencia se cumpli\u00f3 el mi\u00e9rcoles pasado en la sala II de Audiencias de Tribunal de Juicio. El juez Angel Longarte, tras escuchar al procurador general An\u00edbal Anaqu\u00edn, quien represent\u00f3 al Ejecutivo municipal, y Pedroza, llam\u00f3 a la Unidad Coordinadora de Obras de Infraestructura (Ucodi); al presidente de la Copaups, Marcelo Cil; a todos los jurados que eligieron el proyecto ganador y a la empresa que lleva adelante la construcci\u00f3n. Ellos ma\u00f1ana, a las 16, deber\u00e1n exponer sus argumentos y exhibir la documentaci\u00f3n probatoria.<\/p>\n<h6>Fuente: El Tribuno, Salta<\/h6>\n","protected":false},"excerpt":{"rendered":"<p>Ayer se reunieron con Miguel Isa. Comerciantes y frentistas de las peatonales Alberdi, Florida y Caseros repudian las obras de remodelaci\u00f3n de esos sectores y cuestionan la calidad de las terminaciones que se est\u00e1n realizando. \u00abTodo es muy grotesco, no hay detalles. Por ejemplo, el cord\u00f3n cuneta qued\u00f3 rugoso. Nos gustar\u00eda saber por qu\u00e9 la<\/p>\n","protected":false},"author":2,"featured_media":18915,"comment_status":"closed","ping_status":"closed","sticky":false,"template":"","format":"standard","meta":{"footnotes":""},"categories":[2],"tags":[9],"class_list":["post-18914","post","type-post","status-publish","format-standard","has-post-thumbnail","hentry","category-informe-municipal","tag-salta"],"_links":{"self":[{"href":"http:\/\/argentinamunicipal.com.ar\/argentina\/wp-json\/wp\/v2\/posts\/18914","targetHints":{"allow":["GET"]}}],"collection":[{"href":"http:\/\/argentinamunicipal.com.ar\/argentina\/wp-json\/wp\/v2\/posts"}],"about":[{"href":"http:\/\/argentinamunicipal.com.ar\/argentina\/wp-json\/wp\/v2\/types\/post"}],"author":[{"embeddable":true,"href":"http:\/\/argentinamunicipal.com.ar\/argentina\/wp-json\/wp\/v2\/users\/2"}],"replies":[{"embeddable":true,"href":"http:\/\/argentinamunicipal.com.ar\/argentina\/wp-json\/wp\/v2\/comments?post=18914"}],"version-history":[{"count":0,"href":"http:\/\/argentinamunicipal.com.ar\/argentina\/wp-json\/wp\/v2\/posts\/18914\/revisions"}],"wp:featuredmedia":[{"embeddable":true,"href":"http:\/\/argentinamunicipal.com.ar\/argentina\/wp-json\/wp\/v2\/media\/18915"}],"wp:attachment":[{"href":"http:\/\/argentinamunicipal.com.ar\/argentina\/wp-json\/wp\/v2\/media?parent=18914"}],"wp:term":[{"taxonomy":"category","embeddable":true,"href":"http:\/\/argentinamunicipal.com.ar\/argentina\/wp-json\/wp\/v2\/categories?post=18914"},{"taxonomy":"post_tag","embeddable":true,"href":"http:\/\/argentinamunicipal.com.ar\/argentina\/wp-json\/wp\/v2\/tags?post=18914"}],"curies":[{"name":"wp","href":"https:\/\/api.w.org\/{rel}","templated":true}]}}