{"id":1895,"date":"2014-02-22T19:47:38","date_gmt":"2014-02-22T22:47:38","guid":{"rendered":"http:\/\/argentinamunicipal.com.ar\/argentina\/?p=1895"},"modified":"2014-06-05T09:34:27","modified_gmt":"2014-06-05T12:34:27","slug":"se-cumplen-110-anos-de-la-llegada-argentina-a-la-antartida","status":"publish","type":"post","link":"http:\/\/argentinamunicipal.com.ar\/argentina\/se-cumplen-110-anos-de-la-llegada-argentina-a-la-antartida\/","title":{"rendered":"Se cumplen 110 a\u00f1os de la llegada Argentina a la Ant\u00e1rtida"},"content":{"rendered":"<p><a href=\"http:\/\/argentinamunicipal.com.ar\/argentina\/wp-content\/uploads\/2014\/02\/antartida2.jpg\"><img loading=\"lazy\" decoding=\"async\" class=\"aligncenter size-full wp-image-1896\" alt=\"antartida2\" src=\"http:\/\/argentinamunicipal.com.ar\/argentina\/wp-content\/uploads\/2014\/02\/antartida2.jpg\" width=\"620\" height=\"350\" srcset=\"http:\/\/argentinamunicipal.com.ar\/argentina\/wp-content\/uploads\/2014\/02\/antartida2.jpg 620w, http:\/\/argentinamunicipal.com.ar\/argentina\/wp-content\/uploads\/2014\/02\/antartida2-300x169.jpg 300w\" sizes=\"auto, (max-width: 620px) 100vw, 620px\" \/><\/a><br \/>\nDesde el 22 de febrero de 1904, la bandera argentina flamea en el continente blanco en la actual Base Orcadas.<\/p>\n<p>Por tal motivo el dia 22 de febrero de cada a\u00f1o se conmemora el Dia de la Ant\u00e1rtida Argentina, instituido por Ley de la Naci\u00f3n N\u00ba 20.827\/74 publicada en Bolet\u00edn Oficial 23.043, que determina que ese d\u00eda se deber\u00e1 izar al tope la bandera nacional en los edificios p\u00fablicos de la Naci\u00f3n y se realizar\u00e1n actos alusivos a nuestros irrenunciables derechos de soberan\u00eda sobre la Ant\u00e1rtida Argentina en todos los establecimientos educacionales.<\/p>\n<p>Hace ya 110 a\u00f1os que los argentinos estamos en la Ant\u00e1rtida, de los cuales los primeros cuarenta a\u00f1os fuimos los \u00fanicos ocupantes permanentes, hecho que constituye uno de los principales avales de nuestros t\u00edtulos de soberan\u00eda en el \u00e1rea.<\/p>\n<p>Muy pocos son los que saben que el 22 de febrero es el D\u00eda de la Ant\u00e1rtida Argentina y esto se debe a que en esa fecha las escuelas est\u00e1n en receso escolar y por consiguiente no se ense\u00f1a ni se difunde esta fecha, como ocurre con otras conmemoraciones patri\u00f3ticas que est\u00e1n en el Calendario Escolar, las que son recordadas en el transcurso de nuestra vida, porque lo que se aprende de ni\u00f1o en la escuela, dif\u00edcilmente se olvide; quedando grabado para siempre en la memoria y en los sentimientos.<\/p>\n<p>Nuestro principal objetivo es \u00abpromover la difusi\u00f3n y toma de conciencia con respecto a la importancia de la presencia de nuestro pa\u00eds sobre el territorio Ant\u00e1rtico\u00bb, porque \u00abNo se defiende lo que no se ama y no se ama lo que no se conoce\u00bb, a la Ant\u00e1rtida Argentina hay que conocerla y amarla, porque es un pedazo m\u00e1s de nuestra patria.<\/p>\n<p>Por tal motivo, solicitamos se le de amplia difusi\u00f3n a esta informaci\u00f3n y en especial a los docentes, que lo desarrollen cuando comienzan las clases.<\/p>\n<h6>Fuente: Panorama<\/h6>\n<p>&nbsp;<\/p>\n","protected":false},"excerpt":{"rendered":"<p>Desde el 22 de febrero de 1904, la bandera argentina flamea en el continente blanco en la actual Base Orcadas. Por tal motivo el dia 22 de febrero de cada a\u00f1o se conmemora el Dia de la Ant\u00e1rtida Argentina, instituido por Ley de la Naci\u00f3n N\u00ba 20.827\/74 publicada en Bolet\u00edn Oficial 23.043, que determina que<\/p>\n","protected":false},"author":2,"featured_media":1896,"comment_status":"closed","ping_status":"closed","sticky":false,"template":"","format":"standard","meta":{"footnotes":""},"categories":[8],"tags":[21],"class_list":["post-1895","post","type-post","status-publish","format-standard","has-post-thumbnail","hentry","category-informe-nacional","tag-argentina"],"_links":{"self":[{"href":"http:\/\/argentinamunicipal.com.ar\/argentina\/wp-json\/wp\/v2\/posts\/1895","targetHints":{"allow":["GET"]}}],"collection":[{"href":"http:\/\/argentinamunicipal.com.ar\/argentina\/wp-json\/wp\/v2\/posts"}],"about":[{"href":"http:\/\/argentinamunicipal.com.ar\/argentina\/wp-json\/wp\/v2\/types\/post"}],"author":[{"embeddable":true,"href":"http:\/\/argentinamunicipal.com.ar\/argentina\/wp-json\/wp\/v2\/users\/2"}],"replies":[{"embeddable":true,"href":"http:\/\/argentinamunicipal.com.ar\/argentina\/wp-json\/wp\/v2\/comments?post=1895"}],"version-history":[{"count":0,"href":"http:\/\/argentinamunicipal.com.ar\/argentina\/wp-json\/wp\/v2\/posts\/1895\/revisions"}],"wp:featuredmedia":[{"embeddable":true,"href":"http:\/\/argentinamunicipal.com.ar\/argentina\/wp-json\/wp\/v2\/media\/1896"}],"wp:attachment":[{"href":"http:\/\/argentinamunicipal.com.ar\/argentina\/wp-json\/wp\/v2\/media?parent=1895"}],"wp:term":[{"taxonomy":"category","embeddable":true,"href":"http:\/\/argentinamunicipal.com.ar\/argentina\/wp-json\/wp\/v2\/categories?post=1895"},{"taxonomy":"post_tag","embeddable":true,"href":"http:\/\/argentinamunicipal.com.ar\/argentina\/wp-json\/wp\/v2\/tags?post=1895"}],"curies":[{"name":"wp","href":"https:\/\/api.w.org\/{rel}","templated":true}]}}