{"id":18983,"date":"2014-11-12T08:47:20","date_gmt":"2014-11-12T11:47:20","guid":{"rendered":"http:\/\/argentinamunicipal.com.ar\/argentina\/?p=18983"},"modified":"2014-11-12T08:47:20","modified_gmt":"2014-11-12T11:47:20","slug":"la-intendenta-de-rosario-participa-en-mexico-de-un-foro-de-alcaldes","status":"publish","type":"post","link":"http:\/\/argentinamunicipal.com.ar\/argentina\/la-intendenta-de-rosario-participa-en-mexico-de-un-foro-de-alcaldes\/","title":{"rendered":"La Intendenta de Rosario\u00a0participa en M\u00e9xico de un foro de alcaldes"},"content":{"rendered":"<p><a href=\"http:\/\/argentinamunicipal.com.ar\/argentina\/wp-content\/uploads\/2014\/11\/09-02-C801.jpg_88717827.jpg\"><img loading=\"lazy\" decoding=\"async\" class=\"alignleft  wp-image-18984\" src=\"http:\/\/argentinamunicipal.com.ar\/argentina\/wp-content\/uploads\/2014\/11\/09-02-C801.jpg_88717827.jpg\" alt=\"09-02-C801.jpg_88717827\" width=\"493\" height=\"369\" srcset=\"http:\/\/argentinamunicipal.com.ar\/argentina\/wp-content\/uploads\/2014\/11\/09-02-C801.jpg_88717827.jpg 621w, http:\/\/argentinamunicipal.com.ar\/argentina\/wp-content\/uploads\/2014\/11\/09-02-C801.jpg_88717827-300x224.jpg 300w\" sizes=\"auto, (max-width: 493px) 100vw, 493px\" \/><\/a>El trascendente encuentro convoca a representantes de las ciudades m\u00e1s importantes de la regi\u00f3n para tratar temas de gobernabilidad y el fortalecimiento de la integraci\u00f3n regional.<\/p>\n<p>La intendenta M\u00f3nica Fein participa de un trascendente encuentro entre pares de la regi\u00f3n en el Distrito Federal de M\u00e9xico. Especialmente invitada, la jefa del Ejecutivo rosarino tomar\u00e1 parte del foro denominado Di\u00e1logo de Alcaldes de Am\u00e9rica Latina-Democracia y Gobernabilidad Local-Compromisos para la Integraci\u00f3n Regional, que se lleva a cabo el martes 11 de noviembre.<\/p>\n<p>El encuentro persigue el objetivo central de intercambiar visiones, ideas y experiencias entre funcionarios comprometidos con el desarrollo y el fortalecimiento de la democracia y la gobernabilidad, contemplando aspectos tales como la descentralizaci\u00f3n pol\u00edtica y administrativa y el fortalecimiento de las instituciones junto con pr\u00e1cticas y pol\u00edticas p\u00fablicas que coadyuven en este proceso en ciudades latinoamericanas.<\/p>\n<p>La intendenta Fein, que parti\u00f3 el lunes 10 desde la ciudad de Rosario para sumarse a sus pares latinoamericanos, compartir\u00e1 el espacio de intercambio de experiencias locales con l\u00edderes como Ana Olivera, de Montevideo; Gustavo Petro, de Bogot\u00e1, y Porfirio D\u00edaz del pa\u00eds anfitri\u00f3n, entre otros. En este marco, adem\u00e1s de profundizar los lazos entre ciudades, est\u00e1 previsto que Fein suscriba un acuerdo de cooperaci\u00f3n y voluntad pol\u00edtica con la ciudad de M\u00e9xico en relaci\u00f3n al trabajo conjunto en tres temas fundamentales: sotenibilidad, vinculado a la movilidad, pol\u00edticas p\u00fablicas ambientales y de sostenibilidad; participaci\u00f3n ciudadana, y finaciamiento del desarrollo econ\u00f3mico social.<\/p>\n<p>Este encuentro, que es una iniciativa del jefe de gobierno de la ciudad anfitriona, Miguel \u00c1ngel Mancera Espinosa, convocar\u00e1 a l\u00edderes de las 30 ciudades m\u00e1s importantes del continente para reflexionar en torno a los desaf\u00edos pol\u00edticos que enfrenta actualmente la regi\u00f3n y tiene como agenda com\u00fan los compromisos para la integraci\u00f3n latinoamericana.<\/p>\n<p>La ciudades invitadas son Asunci\u00f3n (Paraguay); Belmop\u00e1n (Belice); Belo Horizonte (Brasil); Bogot\u00e1 (Colombia); Brasilia (Brasil); Buenos Aires (Argentina); Canoas (Brasil); Caracas (Venezuela); Caracas (Distrito Metropolitano-Venezuela); Curitiva (Brasil); Guatemala (Guatemala); La Habana (Cuba); La Paz (Bolivia); Lima Metropolitana (Per\u00fa); Managua (Nicaragua); Medell\u00edn (Colombia); Montevideo (Uruguay); Mor\u00f3n (Argentina); Panam\u00e1 (Panam\u00e1); Porto Alegre (Brasil); Puerto Pr\u00edncipe (Hait\u00ed); Quito (Ecuador); R\u00edo de Janeiro (Brasil); Rosario (Argentina); San Jos\u00e9 (Costa Rica); San Juan (Puerto Rico); San Salvador (El Salvador); Santiago (Chile); Santo Domingo (Rep\u00fablica Dominicana); San Pablo (Brasil); Sucre (Bolivia); Tegucigalpa (Honduras).<\/p>\n<h6>Fuente: Sin Mordaza<\/h6>\n","protected":false},"excerpt":{"rendered":"<p>El trascendente encuentro convoca a representantes de las ciudades m\u00e1s importantes de la regi\u00f3n para tratar temas de gobernabilidad y el fortalecimiento de la integraci\u00f3n regional. La intendenta M\u00f3nica Fein participa de un trascendente encuentro entre pares de la regi\u00f3n en el Distrito Federal de M\u00e9xico. Especialmente invitada, la jefa del Ejecutivo rosarino tomar\u00e1 parte<\/p>\n","protected":false},"author":2,"featured_media":18984,"comment_status":"closed","ping_status":"closed","sticky":false,"template":"","format":"standard","meta":{"footnotes":""},"categories":[2],"tags":[10],"class_list":["post-18983","post","type-post","status-publish","format-standard","has-post-thumbnail","hentry","category-informe-municipal","tag-santa-fe"],"_links":{"self":[{"href":"http:\/\/argentinamunicipal.com.ar\/argentina\/wp-json\/wp\/v2\/posts\/18983","targetHints":{"allow":["GET"]}}],"collection":[{"href":"http:\/\/argentinamunicipal.com.ar\/argentina\/wp-json\/wp\/v2\/posts"}],"about":[{"href":"http:\/\/argentinamunicipal.com.ar\/argentina\/wp-json\/wp\/v2\/types\/post"}],"author":[{"embeddable":true,"href":"http:\/\/argentinamunicipal.com.ar\/argentina\/wp-json\/wp\/v2\/users\/2"}],"replies":[{"embeddable":true,"href":"http:\/\/argentinamunicipal.com.ar\/argentina\/wp-json\/wp\/v2\/comments?post=18983"}],"version-history":[{"count":0,"href":"http:\/\/argentinamunicipal.com.ar\/argentina\/wp-json\/wp\/v2\/posts\/18983\/revisions"}],"wp:featuredmedia":[{"embeddable":true,"href":"http:\/\/argentinamunicipal.com.ar\/argentina\/wp-json\/wp\/v2\/media\/18984"}],"wp:attachment":[{"href":"http:\/\/argentinamunicipal.com.ar\/argentina\/wp-json\/wp\/v2\/media?parent=18983"}],"wp:term":[{"taxonomy":"category","embeddable":true,"href":"http:\/\/argentinamunicipal.com.ar\/argentina\/wp-json\/wp\/v2\/categories?post=18983"},{"taxonomy":"post_tag","embeddable":true,"href":"http:\/\/argentinamunicipal.com.ar\/argentina\/wp-json\/wp\/v2\/tags?post=18983"}],"curies":[{"name":"wp","href":"https:\/\/api.w.org\/{rel}","templated":true}]}}