{"id":18989,"date":"2014-11-12T09:02:42","date_gmt":"2014-11-12T12:02:42","guid":{"rendered":"http:\/\/argentinamunicipal.com.ar\/argentina\/?p=18989"},"modified":"2014-11-12T09:02:42","modified_gmt":"2014-11-12T12:02:42","slug":"salta-mas-improvisacion-volvieron-cambiar-el-proyecto-de-las-peatonales","status":"publish","type":"post","link":"http:\/\/argentinamunicipal.com.ar\/argentina\/salta-mas-improvisacion-volvieron-cambiar-el-proyecto-de-las-peatonales\/","title":{"rendered":"Salta: M\u00e1s improvisaci\u00f3n, volvieron a cambiar el proyecto de las peatonales"},"content":{"rendered":"<div id=\"attachment_18990\" style=\"width: 753px\" class=\"wp-caption aligncenter\"><a href=\"http:\/\/argentinamunicipal.com.ar\/argentina\/wp-content\/uploads\/2014\/11\/0000257400.jpg\"><img loading=\"lazy\" decoding=\"async\" aria-describedby=\"caption-attachment-18990\" class=\" wp-image-18990\" src=\"http:\/\/argentinamunicipal.com.ar\/argentina\/wp-content\/uploads\/2014\/11\/0000257400.jpg\" alt=\"Peatonal actual | As\u00ed est\u00e1 hoy la plazoleta IV siglos, una esquina que identifica y convoca a salte\u00f1os y turistas.\" width=\"743\" height=\"418\" srcset=\"http:\/\/argentinamunicipal.com.ar\/argentina\/wp-content\/uploads\/2014\/11\/0000257400.jpg 1099w, http:\/\/argentinamunicipal.com.ar\/argentina\/wp-content\/uploads\/2014\/11\/0000257400-300x168.jpg 300w, http:\/\/argentinamunicipal.com.ar\/argentina\/wp-content\/uploads\/2014\/11\/0000257400-1024x575.jpg 1024w\" sizes=\"auto, (max-width: 743px) 100vw, 743px\" \/><\/a><p id=\"caption-attachment-18990\" class=\"wp-caption-text\">Peatonal actual | As\u00ed est\u00e1 hoy la plazoleta IV siglos, una esquina que identifica y convoca a salte\u00f1os y turistas.<\/p><\/div>\n<p>El municipio elabor\u00f3 una maqueta virtual en menos de 48 horas. Es el tercer proyecto del a\u00f1o. Entre marchas y contramarchas, un presupuesto de $21.500.000 qued\u00f3 en la nebulosa.<\/p>\n<p>\u00abHemos curado la enfermedad a tiempo\u00bb, admiti\u00f3 el intendente capitalino Miguel Isa en la reuni\u00f3n que tuvo en la C\u00e1mara de Comercio e Industria con comerciantes de las peatonales y funcionarios provinciales y municipales.<\/p>\n<p>La obra que se est\u00e1 realizando en las peatonales es una \u00abadaptaci\u00f3n\u00bb del proyecto ganador del concurso de 2013, que nada tiene que ver con el original y que fue realizado por la Provincia. El intendente admiti\u00f3 las falencias que tiene el proyecto y los errores en la obra: \u00abEstos deber\u00e1n ser corregidos por la empresa constructora\u00bb, sostuvo. En cuanto a los tiempos, el intendente afirm\u00f3 que no puede durar m\u00e1s de tres meses, y resalt\u00f3 que la ejecuci\u00f3n est\u00e1 a cargo de la Provincia.<\/p>\n<p>Por su parte, el ministro de Econom\u00eda, Carlos Parodi, quien lleg\u00f3 sobre el final de la reuni\u00f3n porque estaba en Tartagal, sostuvo: \u00abNosotros no estamos improvisando\u00bb, refiri\u00e9ndose al proyecto que ser\u00e1 modificado sobre la marcha y por tercera vez. Simplific\u00f3 el problema y dijo: \u00abSolo es una cuesti\u00f3n est\u00e9tica\u00bb, olvid\u00e1ndose delos graves impedimentos funcionales que tiene el proyecto.<\/p>\n<p>Sin embargo, admiti\u00f3: \u00abLas bases del concurso deber\u00edan haber sido diferentes\u00bb. Y dijo que se decidi\u00f3 hacer las obras para modernizar y poner en valor las peatonales.<\/p>\n<h3>Tercer proyecto<\/h3>\n<p>En el encuentro se present\u00f3 un tercer proyecto, \u00abbasado en el primero, pero combinando lo moderno con lo colonial\u00bb, explic\u00f3, por su parte, Jorge Nieto, arquitecto del \u00e1rea de Preservaci\u00f3n de Patrimonio Municipal y uno de los autores de la nueva propuesta.<\/p>\n<p>El arquitecto asegur\u00f3 que se pondr\u00e1n 136 farolas coloniales de hierro fundido, acompa\u00f1adas de otras modernas, pero diferentes a las que ya se pusieron. Los bancos ser\u00e1n de madera y habr\u00e1 mayor vegetaci\u00f3n.<\/p>\n<p>\u00abTodo el mobiliario est\u00e1 ubicado en el medio, dejando los laterales para la circulaci\u00f3n de personas, permitiendo el acceso de bomberos y ambulancias\u00bb, afirm\u00f3 Nieto.<\/p>\n<p>Los funcionarios aseguran que todo se realizar\u00e1 con el mismo presupuesto: $21.543.499.<\/p>\n<p>En cuanto al soterramiento, se\u00f1alaron que no est\u00e1 previsto en ese monto, pero se estudiar\u00e1 la posibilidad de que se realice el ca\u00f1o maestro por donde pasar\u00e1n los cables.Pedidos de comerciantes<\/p>\n<p>Los comerciantes no est\u00e1n tan preocupados por la est\u00e9tica pero s\u00ed por el tiempo de ejecuci\u00f3n de la obra que perjudica las ventas. Diciembre es un mes fuerte para los comercios y los vendedores tienen la esperanza de poder salvar \u00abeste mal a\u00f1o, donde tuvimos que despedir empleados\u00bb.<\/p>\n<p>Piden que se comience a trabajar en abril, luego del inicio de clases, que haya m\u00e1s obreros por cuadra (ahora solo hay de 2 a 6), que se contrate gente id\u00f3nea y que se prevea estrictamente c\u00f3mo se ejecutar\u00e1 la obra para que los comerciantes puedan planificar. Tambi\u00e9n le pidieron a Isa la exenci\u00f3n de impuestos municipales.<\/p>\n<p>Propusieron, adem\u00e1s, formar una comisi\u00f3n que deber\u00e1 ser consultada sobre todas las decisiones que se tomen con respecto a las peatonales.<\/p>\n<h6>Fuente: El Tribuno, Salta<\/h6>\n","protected":false},"excerpt":{"rendered":"<p>El municipio elabor\u00f3 una maqueta virtual en menos de 48 horas. Es el tercer proyecto del a\u00f1o. Entre marchas y contramarchas, un presupuesto de $21.500.000 qued\u00f3 en la nebulosa. \u00abHemos curado la enfermedad a tiempo\u00bb, admiti\u00f3 el intendente capitalino Miguel Isa en la reuni\u00f3n que tuvo en la C\u00e1mara de Comercio e Industria con comerciantes<\/p>\n","protected":false},"author":2,"featured_media":18990,"comment_status":"closed","ping_status":"closed","sticky":false,"template":"","format":"standard","meta":{"footnotes":""},"categories":[2],"tags":[9],"class_list":["post-18989","post","type-post","status-publish","format-standard","has-post-thumbnail","hentry","category-informe-municipal","tag-salta"],"_links":{"self":[{"href":"http:\/\/argentinamunicipal.com.ar\/argentina\/wp-json\/wp\/v2\/posts\/18989","targetHints":{"allow":["GET"]}}],"collection":[{"href":"http:\/\/argentinamunicipal.com.ar\/argentina\/wp-json\/wp\/v2\/posts"}],"about":[{"href":"http:\/\/argentinamunicipal.com.ar\/argentina\/wp-json\/wp\/v2\/types\/post"}],"author":[{"embeddable":true,"href":"http:\/\/argentinamunicipal.com.ar\/argentina\/wp-json\/wp\/v2\/users\/2"}],"replies":[{"embeddable":true,"href":"http:\/\/argentinamunicipal.com.ar\/argentina\/wp-json\/wp\/v2\/comments?post=18989"}],"version-history":[{"count":0,"href":"http:\/\/argentinamunicipal.com.ar\/argentina\/wp-json\/wp\/v2\/posts\/18989\/revisions"}],"wp:featuredmedia":[{"embeddable":true,"href":"http:\/\/argentinamunicipal.com.ar\/argentina\/wp-json\/wp\/v2\/media\/18990"}],"wp:attachment":[{"href":"http:\/\/argentinamunicipal.com.ar\/argentina\/wp-json\/wp\/v2\/media?parent=18989"}],"wp:term":[{"taxonomy":"category","embeddable":true,"href":"http:\/\/argentinamunicipal.com.ar\/argentina\/wp-json\/wp\/v2\/categories?post=18989"},{"taxonomy":"post_tag","embeddable":true,"href":"http:\/\/argentinamunicipal.com.ar\/argentina\/wp-json\/wp\/v2\/tags?post=18989"}],"curies":[{"name":"wp","href":"https:\/\/api.w.org\/{rel}","templated":true}]}}