{"id":19035,"date":"2014-11-12T11:29:10","date_gmt":"2014-11-12T14:29:10","guid":{"rendered":"http:\/\/argentinamunicipal.com.ar\/argentina\/?p=19035"},"modified":"2014-11-12T11:29:10","modified_gmt":"2014-11-12T14:29:10","slug":"santa-fe-festram-tambien-pedira-un-bono","status":"publish","type":"post","link":"http:\/\/argentinamunicipal.com.ar\/argentina\/santa-fe-festram-tambien-pedira-un-bono\/","title":{"rendered":"Santa Fe: FESTRAM tambi\u00e9n pedir\u00e1 una recomposici\u00f3n salarial"},"content":{"rendered":"<p><a href=\"http:\/\/argentinamunicipal.com.ar\/argentina\/wp-content\/uploads\/2014\/11\/hqdefault.jpg\"><img loading=\"lazy\" decoding=\"async\" class=\"alignleft wp-image-19036\" src=\"http:\/\/argentinamunicipal.com.ar\/argentina\/wp-content\/uploads\/2014\/11\/hqdefault-e1415797777345.jpg\" alt=\"hqdefault\" width=\"376\" height=\"297\" \/><\/a>El titular del gremio sostuvo que esta tarde habr\u00eda una reuni\u00f3n con los intendentes para discutir el monto y la modalidad. \u201cEl bono no es un regalo es una forma de compensar la p\u00e9rdida del poder adquisitivo\u201d, remarc\u00f3 Leoni.<\/p>\n<p>Claudio Leoni, titular de la FESTRAM, expres\u00f3 que \u201cel bono de fin de a\u00f1o no es un regalo, es una compensaci\u00f3n por la p\u00e9rdida del poder adquisitivo, que se comi\u00f3 la inflaci\u00f3n. Aparentemente, esta tarde vamos a tener una reuni\u00f3n con los intendentes. La idea es intercambiar opiniones. Nosotros entendemos que hay plata para pagar este bono de fin de a\u00f1o\u201d.<\/p>\n<p>Adem\u00e1s, Claudio Leoni agreg\u00f3 que \u201crecuerden que hicimos un acuerdo que fue entre el 25 y el 35%, durante el primer semestre y es indudable que hubo p\u00e9rdida del poder adquisitivo. Nosotros no vamos a pedir un monto que los municipios no puedan pagar. La idea es analizar alternativas posibles. Por este motivo, hay que discutirlo en paritaria. Nosotros no queremos perjudicar a los pasivos\u201d.<\/p>\n<h6>Fuente: Sin Mordaza<\/h6>\n","protected":false},"excerpt":{"rendered":"<p>El titular del gremio sostuvo que esta tarde habr\u00eda una reuni\u00f3n con los intendentes para discutir el monto y la modalidad. \u201cEl bono no es un regalo es una forma de compensar la p\u00e9rdida del poder adquisitivo\u201d, remarc\u00f3 Leoni. Claudio Leoni, titular de la FESTRAM, expres\u00f3 que \u201cel bono de fin de a\u00f1o no es<\/p>\n","protected":false},"author":2,"featured_media":19036,"comment_status":"closed","ping_status":"closed","sticky":false,"template":"","format":"standard","meta":{"footnotes":""},"categories":[7],"tags":[10],"class_list":["post-19035","post","type-post","status-publish","format-standard","has-post-thumbnail","hentry","category-informe-sindical","tag-santa-fe"],"_links":{"self":[{"href":"http:\/\/argentinamunicipal.com.ar\/argentina\/wp-json\/wp\/v2\/posts\/19035","targetHints":{"allow":["GET"]}}],"collection":[{"href":"http:\/\/argentinamunicipal.com.ar\/argentina\/wp-json\/wp\/v2\/posts"}],"about":[{"href":"http:\/\/argentinamunicipal.com.ar\/argentina\/wp-json\/wp\/v2\/types\/post"}],"author":[{"embeddable":true,"href":"http:\/\/argentinamunicipal.com.ar\/argentina\/wp-json\/wp\/v2\/users\/2"}],"replies":[{"embeddable":true,"href":"http:\/\/argentinamunicipal.com.ar\/argentina\/wp-json\/wp\/v2\/comments?post=19035"}],"version-history":[{"count":0,"href":"http:\/\/argentinamunicipal.com.ar\/argentina\/wp-json\/wp\/v2\/posts\/19035\/revisions"}],"wp:featuredmedia":[{"embeddable":true,"href":"http:\/\/argentinamunicipal.com.ar\/argentina\/wp-json\/wp\/v2\/media\/19036"}],"wp:attachment":[{"href":"http:\/\/argentinamunicipal.com.ar\/argentina\/wp-json\/wp\/v2\/media?parent=19035"}],"wp:term":[{"taxonomy":"category","embeddable":true,"href":"http:\/\/argentinamunicipal.com.ar\/argentina\/wp-json\/wp\/v2\/categories?post=19035"},{"taxonomy":"post_tag","embeddable":true,"href":"http:\/\/argentinamunicipal.com.ar\/argentina\/wp-json\/wp\/v2\/tags?post=19035"}],"curies":[{"name":"wp","href":"https:\/\/api.w.org\/{rel}","templated":true}]}}