{"id":19038,"date":"2014-11-12T10:26:45","date_gmt":"2014-11-12T13:26:45","guid":{"rendered":"http:\/\/argentinamunicipal.com.ar\/argentina\/?p=19038"},"modified":"2014-11-12T10:26:45","modified_gmt":"2014-11-12T13:26:45","slug":"aseguran-que-con-la-auh-los-chicos-ganaron-un-ano-mas-de-escolaridad","status":"publish","type":"post","link":"http:\/\/argentinamunicipal.com.ar\/argentina\/aseguran-que-con-la-auh-los-chicos-ganaron-un-ano-mas-de-escolaridad\/","title":{"rendered":"Aseguran que con la AUH \u00ablos chicos ganaron un a\u00f1o m\u00e1s de escolaridad\u00bb"},"content":{"rendered":"<div id=\"attachment_19039\" style=\"width: 674px\" class=\"wp-caption aligncenter\"><a href=\"http:\/\/argentinamunicipal.com.ar\/argentina\/wp-content\/uploads\/2014\/11\/educacion.jpg\"><img loading=\"lazy\" decoding=\"async\" aria-describedby=\"caption-attachment-19039\" class=\"size-full wp-image-19039\" src=\"http:\/\/argentinamunicipal.com.ar\/argentina\/wp-content\/uploads\/2014\/11\/educacion.jpg\" alt=\"Aseguran que con la AUH &quot;los chicos ganaron un a\u00f1o m\u00e1s de escolaridad&quot;\" width=\"664\" height=\"498\" srcset=\"http:\/\/argentinamunicipal.com.ar\/argentina\/wp-content\/uploads\/2014\/11\/educacion.jpg 664w, http:\/\/argentinamunicipal.com.ar\/argentina\/wp-content\/uploads\/2014\/11\/educacion-300x225.jpg 300w\" sizes=\"auto, (max-width: 664px) 100vw, 664px\" \/><\/a><p id=\"caption-attachment-19039\" class=\"wp-caption-text\">Aseguran que con la AUH \u00ablos chicos ganaron un a\u00f1o m\u00e1s de escolaridad\u00bb<\/p><\/div>\n<p>La Asignaci\u00f3n Universal por Hijo (AUH) consigui\u00f3 en cinco a\u00f1os que los ni\u00f1os pertenecientes a los sectores m\u00e1s vulnerables incorporen un a\u00f1o m\u00e1s de escolaridad y que la maternidad adolescente disminuya en un 10 por ciento entre sus beneficiarias, seg\u00fan los resultados preliminares de un estudio dirigido por el experto Bernardo Kliksberg y presentado este martes en la Universidad de Tres de Febrero.<\/p>\n<p>\u00abLa AUH es una pol\u00edtica trascendental para que haya un poquito m\u00e1s de justicia social en la Argentina. Por el pa\u00eds, durante muchos a\u00f1os, pas\u00f3 una topadora, y eso dej\u00f3 heridas muy profundas que llevar\u00e1 a\u00f1os subsanar, pero la AUH viene a dar con la tecla para llegar con el Estado a aquellos que por distintas razones no est\u00e1n incluidos en la seguridad social\u00bb, asegur\u00f3 el director Ejecutivo de la ANSES, Diego Bossio, al presentar los resultados de la Evaluaci\u00f3n de Impacto De la Asignaci\u00f3n Universal por Hijo.<\/p>\n<p>El funcionario destac\u00f3 que \u00abno es la soluci\u00f3n definitiva: quisi\u00e9ramos que los trabajadores sean formales, tengan asignaciones familiares y obra social, pero mientras tanto sabemos que es algo necesario e imprescindible para proteger fundamentalmente a los chicos y fortalecer a las mam\u00e1s\u00bb.<\/p>\n<p>Por su parte, Kliksberg asegur\u00f3 que, gracias a la AUH, \u00abel pa\u00eds va a tener una generaci\u00f3n de chicos j\u00f3venes humildes, con m\u00e1s educaci\u00f3n, con madres empoderadas, con muchos mejores indicadores de salud, con menos embarazo adolescente y que adem\u00e1s saben que eso es un derecho: esto lo llamo crecimiento de capital social de la Argentina\u00bb, dijo.<\/p>\n<p>El estudio presentado hoy en la universidad de Tres de Febrero fue realizado por un equipo de investigadores de esta casa de altos estudios y de la Organizaci\u00f3n Iberoamericana de Seguridad Social (OISS) a pedido de la ANSES, para lo cual se entrevistaron casi 4.000 personas de todo el pa\u00eds.<\/p>\n<p>Seg\u00fan el informe, el 80,9 por ciento de los ni\u00f1os y ni\u00f1as de 4 a\u00f1os que reciben este beneficio ya asisten al sistema educativo, mientras que el porcentaje de asistencia para ni\u00f1os de esa edad en el total urbano es de 74,8 por ciento y de 68,7 por ciento entre los ni\u00f1os de sectores vulnerables que no reciben AUH.<\/p>\n<p>\u00abLos chicos que reciben la AUH ganaron un a\u00f1o m\u00e1s de escolaridad que no tendr\u00edan de otra forma. Adem\u00e1s, baj\u00f3 la deserci\u00f3n, la repitencia, el abandono escolar y se modific\u00f3 toda la relaci\u00f3n de la familia pobre con la escuela, porque las familias se sienten muy contentas de cumplir con las condiciones que les el programa\u00bb, afirm\u00f3 Kliksberg.<\/p>\n<p>La escolaridad iniciada de manera temprana \u00abcontribuye a igualar oportunidades y superar los obst\u00e1culos iniciales que la pobreza impone a los ni\u00f1os y ni\u00f1as, adem\u00e1s de permitir a las madres liberar tiempo para dedicarse a otras actividades, tanto laborales como formativas\u00bb, dice el informe.<\/p>\n<p>En esta l\u00ednea, la ley recientemente sancionada de extensi\u00f3n de la obligatoriedad para la sala de 4 del nivel inicial \u00abbrindar\u00e1 un fuerte respaldo legal para que esta conducta se generalice hasta alcanzar cobertura plena\u00bb, dice el informe.<\/p>\n<p>En tanto, en el nivel medio, la AUH contribuy\u00f3 en incrementar en 8 por ciento los niveles de asistencia, logrando que la tasa supere el 90 por ciento y alcanzando valores que superan a la media nacional.<\/p>\n<p>Respecto a la maternidad adolescente, el 42 por ciento de las menores de 20 a\u00f1os que reciben la AUH fueron madres en el per\u00edodo 2010-2014, mientras que, dentro del mismo grupo social y etario, el 53,5 por ciento lo hab\u00edan sido entre 2005 y 2009.<\/p>\n<p>\u00abEl embarazo adolescente tiene una alt\u00edsima correlaci\u00f3n con el nivel educativo: las madres adolescentes son en general j\u00f3venes pobres que no terminaron la primaria o la secundaria y se genera una situaci\u00f3n de pobreza estructural muy fuerte. El programa baj\u00f3 las tasas, lo que quiere decir que, junto con la educaci\u00f3n, un programa de este tipo que empodera a la mujer\u00bb, afirm\u00f3 Kliksberg.<\/p>\n<p>Adem\u00e1s, el informe revela un impacto positivo tambi\u00e9n en el cuidado de la salud de quienes reciben la AUH: el 99,9 por ciento de las madres de menores de 2 a\u00f1os se realizaron controles durante el embarazo y el 98, 7 por ciento de los ni\u00f1os, ni\u00f1as y adolescentes tienen completo su calendario de vacunaci\u00f3n.<\/p>\n<p>La Asignaci\u00f3n Universal por Hijo fue instituida por la presidenta Cristina Fern\u00e1ndez de Kirchner el 29 de octubre de 2009.<\/p>\n<p>Actualmente, el beneficio alcanza a 3.524.924 ni\u00f1os, ni\u00f1as y adolescentes, cuyos padres deben acreditar el cumplimiento de los controles sanitarios, el plan de vacunaci\u00f3n obligatorio, la inscripci\u00f3n al Plan Nacer\/Sumar para cada uno de los menores de hasta 6 a\u00f1os, y la concurrencia al colegio en el caso de chicos de 5 a 18 a\u00f1os-, para tener derecho a percibir el 20 por ciento acumulado del a\u00f1o anterior.<\/p>\n<h6>Fuente: T\u00e9lam<\/h6>\n","protected":false},"excerpt":{"rendered":"<p>La Asignaci\u00f3n Universal por Hijo (AUH) consigui\u00f3 en cinco a\u00f1os que los ni\u00f1os pertenecientes a los sectores m\u00e1s vulnerables incorporen un a\u00f1o m\u00e1s de escolaridad y que la maternidad adolescente disminuya en un 10 por ciento entre sus beneficiarias, seg\u00fan los resultados preliminares de un estudio dirigido por el experto Bernardo Kliksberg y presentado este<\/p>\n","protected":false},"author":2,"featured_media":19039,"comment_status":"closed","ping_status":"closed","sticky":false,"template":"","format":"standard","meta":{"footnotes":""},"categories":[8],"tags":[21],"class_list":["post-19038","post","type-post","status-publish","format-standard","has-post-thumbnail","hentry","category-informe-nacional","tag-argentina"],"_links":{"self":[{"href":"http:\/\/argentinamunicipal.com.ar\/argentina\/wp-json\/wp\/v2\/posts\/19038","targetHints":{"allow":["GET"]}}],"collection":[{"href":"http:\/\/argentinamunicipal.com.ar\/argentina\/wp-json\/wp\/v2\/posts"}],"about":[{"href":"http:\/\/argentinamunicipal.com.ar\/argentina\/wp-json\/wp\/v2\/types\/post"}],"author":[{"embeddable":true,"href":"http:\/\/argentinamunicipal.com.ar\/argentina\/wp-json\/wp\/v2\/users\/2"}],"replies":[{"embeddable":true,"href":"http:\/\/argentinamunicipal.com.ar\/argentina\/wp-json\/wp\/v2\/comments?post=19038"}],"version-history":[{"count":0,"href":"http:\/\/argentinamunicipal.com.ar\/argentina\/wp-json\/wp\/v2\/posts\/19038\/revisions"}],"wp:featuredmedia":[{"embeddable":true,"href":"http:\/\/argentinamunicipal.com.ar\/argentina\/wp-json\/wp\/v2\/media\/19039"}],"wp:attachment":[{"href":"http:\/\/argentinamunicipal.com.ar\/argentina\/wp-json\/wp\/v2\/media?parent=19038"}],"wp:term":[{"taxonomy":"category","embeddable":true,"href":"http:\/\/argentinamunicipal.com.ar\/argentina\/wp-json\/wp\/v2\/categories?post=19038"},{"taxonomy":"post_tag","embeddable":true,"href":"http:\/\/argentinamunicipal.com.ar\/argentina\/wp-json\/wp\/v2\/tags?post=19038"}],"curies":[{"name":"wp","href":"https:\/\/api.w.org\/{rel}","templated":true}]}}