{"id":19065,"date":"2014-11-13T08:25:09","date_gmt":"2014-11-13T11:25:09","guid":{"rendered":"http:\/\/argentinamunicipal.com.ar\/argentina\/?p=19065"},"modified":"2014-11-13T08:45:05","modified_gmt":"2014-11-13T11:45:05","slug":"primer-acercamiento-por-el-bono-municipal-en-santa-fe","status":"publish","type":"post","link":"http:\/\/argentinamunicipal.com.ar\/argentina\/primer-acercamiento-por-el-bono-municipal-en-santa-fe\/","title":{"rendered":"Primer acercamiento por el bono municipal en Santa Fe"},"content":{"rendered":"<p><a href=\"http:\/\/argentinamunicipal.com.ar\/argentina\/wp-content\/uploads\/2014\/11\/consejo-directivo-mayo-2014.jpg\"><img loading=\"lazy\" decoding=\"async\" class=\"aligncenter wp-image-19066 \" src=\"http:\/\/argentinamunicipal.com.ar\/argentina\/wp-content\/uploads\/2014\/11\/consejo-directivo-mayo-2014-e1415879069114.jpg\" alt=\"consejo-directivo-mayo-2014\" width=\"742\" height=\"194\" srcset=\"http:\/\/argentinamunicipal.com.ar\/argentina\/wp-content\/uploads\/2014\/11\/consejo-directivo-mayo-2014-e1415879069114.jpg 1213w, http:\/\/argentinamunicipal.com.ar\/argentina\/wp-content\/uploads\/2014\/11\/consejo-directivo-mayo-2014-e1415879069114-300x78.jpg 300w, http:\/\/argentinamunicipal.com.ar\/argentina\/wp-content\/uploads\/2014\/11\/consejo-directivo-mayo-2014-e1415879069114-1024x267.jpg 1024w\" sizes=\"auto, (max-width: 742px) 100vw, 742px\" \/><\/a><\/p>\n<p>Los intendentes y presidentes comunales mostraron sus dificultades. Pero no descartaron avanzar en una retribuci\u00f3n extraordinaria similar a la que recibir\u00e1n los empleados estatales.<\/p>\n<p>Representantes de los principales municipios de la provincia y dirigentes de la Federaci\u00f3n de Trabajadores Municipales (Festram) se reunieron el martes respondiendo al mandato del \u00faltimo plenario de delegados de la agrupaci\u00f3n sindical, que exig\u00eda convocatoria a paritarias para discutir una recomposici\u00f3n o compensaci\u00f3n salarial antes de fin de a\u00f1o.<\/p>\n<p>En rigor, el encuentro no se circunscribi\u00f3 a las paritarias; de hecho, fue una reuni\u00f3n en la que no participaron funcionarios provinciales. La estrategia responde a una decisi\u00f3n pol\u00edtica del Poder Ejecutivo de no reabrir expl\u00edcitamente para ning\u00fan sector la paritaria, si el prop\u00f3sito es discutir salarios.<\/p>\n<p>A\u00fan as\u00ed, las partes avanzaron en la posibilidad de que los municipales tengan tambi\u00e9n a fin de a\u00f1o un bono similar al que ya fue anunciado para los estatales de la provincia. Seg\u00fan pudo saber El Litoral, los intendentes manifestaron dificultades a la hora de conseguir los recursos para hacer frente a este casi seguro desembolso. De todos modos, se comprometieron a analizar las posibilidades financieras de cada administraci\u00f3n para avanzar en la negociaci\u00f3n.<\/p>\n<p>En principio, las partes convinieron en que el sector tendr\u00e1 esa ayuda antes de Navidad, pero decidieron volver a reunirse la semana que viene para avanzar en la modalidad y monto que tendr\u00e1 el citado bono. Una de las hip\u00f3tesis es que sea una suma similar a la otorgada por la provincia (1.700 pesos) y se discutir\u00e1 si ser\u00e1 en una sola vez o de manera desdoblada.<\/p>\n<p><strong>CA\u00d1ADA DE GOMEZ<\/strong><\/p>\n<p>El Plenario de Secretarios Generales, se reunir\u00e1 tambi\u00e9n el pr\u00f3ximo martes a las 10 en la sede de la FESTRAM para analizar el conflicto existente en Ca\u00f1ada de G\u00f3mez donde se vienen implementando medidas de fuerza desde hace varias semanas sin poder lograrse un acuerdo entre las partes.<\/p>\n<p>Asimismo se estar\u00e1 a la espera de los resultados de la audiencia que se llevar\u00e1 a cabo el lunes en donde la Intendenta de esa ciudad recibir\u00e1 a los representantes del Sindicato local, de la Regional Oeste y del Consejo Directivo de la FESTRAM.<\/p>\n<p>En caso de no lograrse un acuerdo que destrabe el conflicto emergente, por la negativa a cumplimentar los puntos que se vienen solicitando y que la Municipalidad mantiene su posici\u00f3n de conculcar y no reconocer los derechos laborales de sus trabajadores, \u00abel Plenario analizar\u00e1 medidas de alcance provincial a implementar para lograr la definitiva soluci\u00f3n al diferendo\u00bb.<\/p>\n<h6>Fuente: La Opini\u00f3n Line<\/h6>\n","protected":false},"excerpt":{"rendered":"<p>Los intendentes y presidentes comunales mostraron sus dificultades. Pero no descartaron avanzar en una retribuci\u00f3n extraordinaria similar a la que recibir\u00e1n los empleados estatales. Representantes de los principales municipios de la provincia y dirigentes de la Federaci\u00f3n de Trabajadores Municipales (Festram) se reunieron el martes respondiendo al mandato del \u00faltimo plenario de delegados de la<\/p>\n","protected":false},"author":2,"featured_media":19066,"comment_status":"closed","ping_status":"closed","sticky":false,"template":"","format":"standard","meta":{"footnotes":""},"categories":[7],"tags":[10],"class_list":["post-19065","post","type-post","status-publish","format-standard","has-post-thumbnail","hentry","category-informe-sindical","tag-santa-fe"],"_links":{"self":[{"href":"http:\/\/argentinamunicipal.com.ar\/argentina\/wp-json\/wp\/v2\/posts\/19065","targetHints":{"allow":["GET"]}}],"collection":[{"href":"http:\/\/argentinamunicipal.com.ar\/argentina\/wp-json\/wp\/v2\/posts"}],"about":[{"href":"http:\/\/argentinamunicipal.com.ar\/argentina\/wp-json\/wp\/v2\/types\/post"}],"author":[{"embeddable":true,"href":"http:\/\/argentinamunicipal.com.ar\/argentina\/wp-json\/wp\/v2\/users\/2"}],"replies":[{"embeddable":true,"href":"http:\/\/argentinamunicipal.com.ar\/argentina\/wp-json\/wp\/v2\/comments?post=19065"}],"version-history":[{"count":0,"href":"http:\/\/argentinamunicipal.com.ar\/argentina\/wp-json\/wp\/v2\/posts\/19065\/revisions"}],"wp:featuredmedia":[{"embeddable":true,"href":"http:\/\/argentinamunicipal.com.ar\/argentina\/wp-json\/wp\/v2\/media\/19066"}],"wp:attachment":[{"href":"http:\/\/argentinamunicipal.com.ar\/argentina\/wp-json\/wp\/v2\/media?parent=19065"}],"wp:term":[{"taxonomy":"category","embeddable":true,"href":"http:\/\/argentinamunicipal.com.ar\/argentina\/wp-json\/wp\/v2\/categories?post=19065"},{"taxonomy":"post_tag","embeddable":true,"href":"http:\/\/argentinamunicipal.com.ar\/argentina\/wp-json\/wp\/v2\/tags?post=19065"}],"curies":[{"name":"wp","href":"https:\/\/api.w.org\/{rel}","templated":true}]}}