{"id":19125,"date":"2014-11-14T08:23:30","date_gmt":"2014-11-14T11:23:30","guid":{"rendered":"http:\/\/argentinamunicipal.com.ar\/argentina\/?p=19125"},"modified":"2014-11-14T08:23:30","modified_gmt":"2014-11-14T11:23:30","slug":"construccion-del-parque-industrial-de-ramirez-instalaran-17-empresas","status":"publish","type":"post","link":"http:\/\/argentinamunicipal.com.ar\/argentina\/construccion-del-parque-industrial-de-ramirez-instalaran-17-empresas\/","title":{"rendered":"Construcci\u00f3n del Parque Industrial de Ram\u00edrez: instalar\u00e1n 17 empresas"},"content":{"rendered":"<p><a href=\"http:\/\/argentinamunicipal.com.ar\/argentina\/wp-content\/uploads\/2014\/11\/rAM.jpg\"><img loading=\"lazy\" decoding=\"async\" class=\"aligncenter  wp-image-19126\" src=\"http:\/\/argentinamunicipal.com.ar\/argentina\/wp-content\/uploads\/2014\/11\/rAM.jpg\" alt=\"rAM\" width=\"642\" height=\"361\" srcset=\"http:\/\/argentinamunicipal.com.ar\/argentina\/wp-content\/uploads\/2014\/11\/rAM.jpg 960w, http:\/\/argentinamunicipal.com.ar\/argentina\/wp-content\/uploads\/2014\/11\/rAM-300x168.jpg 300w\" sizes=\"auto, (max-width: 642px) 100vw, 642px\" \/><\/a><br \/>\nEl intendente de General Ram\u00edrez, Edelmiro Kr\u00e4mer, confirm\u00f3 que se incorporar\u00e1n 23 hect\u00e1reas al predio y se radicar\u00e1n 17 nuevas empresas, lo que generar\u00e1 unos 300 puestos de trabajo en la ciudad.<\/p>\n<p>El intendente de General Ram\u00edrez, Edelmiro Kr\u00e4mer, visit\u00f3 el Centro Radial, Televisivo y Period\u00edstico de Entre R\u00edos y en di\u00e1logo con Diario 6, de Canal 6 ERTV, confirm\u00f3 que en el Parque Industrial se incorporar\u00e1n 23 hect\u00e1reas al predio y se radicar\u00e1n 17 nuevas empresas, lo que generar\u00e1 unos 300 puestos de trabajo en la ciudad.<\/p>\n<p>El gobernador Sergio Urribarri, en su visita la semana pasada para inaugurar un complejo habitacional, se reuni\u00f3 adem\u00e1s con autoridades y empresarios para avanzar sobre las gestiones para ampliar el \u00e1rea industrial. En este sentido el presidente municipal se\u00f1al\u00f3 que \u201cen la charla que mantuvimos logramos que el banco rebajara $700.000 y que el gobierno de la provincia transfiriera 1 mill\u00f3n de pesos al municipio para comprar a la entidad crediticia las 23 hect\u00e1reas que son de su propiedad, donde los empresarios se hacen cargo de $2.500.000, que ser\u00eda el 50% de lo que solicitan para la venta. En 10 minutos con el gobernador ese d\u00eda, acordamos las acciones y el lunes cerramos la operatoria y resta que el Banco tenga listo el boleto de compraventa, para hacer la primera entrega y a partir de all\u00ed, se van a otorgar los terrenos en base a las inversiones y teniendo en cuenta los reglamentos que se prev\u00e9n en la ordenanza del Parque Industrial\u201d.<\/p>\n<p>El mandatario municipal mostr\u00f3 su satisfacci\u00f3n por la concreci\u00f3n del proyecto y remarc\u00f3 que \u201ccomo vecinos tenemos que agradecer que las empresas se radiquen en Ram\u00edrez y tengan confianza en el gobierno, porque hemos logrado una relaci\u00f3n muy directa, m\u00e1s all\u00e1 de los colores pol\u00edticos, dejamos de lado estas cuestiones y pensamos en nuestro pueblo, para que siga creciendo. Es una propuesta que comenc\u00e9 a gestionar y hoy se concret\u00f3, por eso estoy sumamente contento por este logro, que beneficiar\u00e1 a toda la comunidad, ya que la instalaci\u00f3n de 17 empresas van a general alrededor de 300 puestos de trabajo\u201d.<\/p>\n<h6>Fuente: El Once<\/h6>\n","protected":false},"excerpt":{"rendered":"<p>El intendente de General Ram\u00edrez, Edelmiro Kr\u00e4mer, confirm\u00f3 que se incorporar\u00e1n 23 hect\u00e1reas al predio y se radicar\u00e1n 17 nuevas empresas, lo que generar\u00e1 unos 300 puestos de trabajo en la ciudad. El intendente de General Ram\u00edrez, Edelmiro Kr\u00e4mer, visit\u00f3 el Centro Radial, Televisivo y Period\u00edstico de Entre R\u00edos y en di\u00e1logo con Diario 6,<\/p>\n","protected":false},"author":2,"featured_media":19126,"comment_status":"closed","ping_status":"closed","sticky":false,"template":"","format":"standard","meta":{"footnotes":""},"categories":[2],"tags":[17],"class_list":["post-19125","post","type-post","status-publish","format-standard","has-post-thumbnail","hentry","category-informe-municipal","tag-entre-rios"],"_links":{"self":[{"href":"http:\/\/argentinamunicipal.com.ar\/argentina\/wp-json\/wp\/v2\/posts\/19125","targetHints":{"allow":["GET"]}}],"collection":[{"href":"http:\/\/argentinamunicipal.com.ar\/argentina\/wp-json\/wp\/v2\/posts"}],"about":[{"href":"http:\/\/argentinamunicipal.com.ar\/argentina\/wp-json\/wp\/v2\/types\/post"}],"author":[{"embeddable":true,"href":"http:\/\/argentinamunicipal.com.ar\/argentina\/wp-json\/wp\/v2\/users\/2"}],"replies":[{"embeddable":true,"href":"http:\/\/argentinamunicipal.com.ar\/argentina\/wp-json\/wp\/v2\/comments?post=19125"}],"version-history":[{"count":0,"href":"http:\/\/argentinamunicipal.com.ar\/argentina\/wp-json\/wp\/v2\/posts\/19125\/revisions"}],"wp:featuredmedia":[{"embeddable":true,"href":"http:\/\/argentinamunicipal.com.ar\/argentina\/wp-json\/wp\/v2\/media\/19126"}],"wp:attachment":[{"href":"http:\/\/argentinamunicipal.com.ar\/argentina\/wp-json\/wp\/v2\/media?parent=19125"}],"wp:term":[{"taxonomy":"category","embeddable":true,"href":"http:\/\/argentinamunicipal.com.ar\/argentina\/wp-json\/wp\/v2\/categories?post=19125"},{"taxonomy":"post_tag","embeddable":true,"href":"http:\/\/argentinamunicipal.com.ar\/argentina\/wp-json\/wp\/v2\/tags?post=19125"}],"curies":[{"name":"wp","href":"https:\/\/api.w.org\/{rel}","templated":true}]}}