{"id":19161,"date":"2014-11-14T09:11:18","date_gmt":"2014-11-14T12:11:18","guid":{"rendered":"http:\/\/argentinamunicipal.com.ar\/argentina\/?p=19161"},"modified":"2014-11-14T09:11:18","modified_gmt":"2014-11-14T12:11:18","slug":"reclamo-nacion-por-desmontes-en-salta","status":"publish","type":"post","link":"http:\/\/argentinamunicipal.com.ar\/argentina\/reclamo-nacion-por-desmontes-en-salta\/","title":{"rendered":"Reclamo a Naci\u00f3n por desmontes en Salta"},"content":{"rendered":"<p><a href=\"http:\/\/argentinamunicipal.com.ar\/argentina\/wp-content\/uploads\/2014\/11\/desmontes.jpg\"><img loading=\"lazy\" decoding=\"async\" class=\"aligncenter size-full wp-image-19162\" src=\"http:\/\/argentinamunicipal.com.ar\/argentina\/wp-content\/uploads\/2014\/11\/desmontes.jpg\" alt=\"desmontes\" width=\"626\" height=\"470\" srcset=\"http:\/\/argentinamunicipal.com.ar\/argentina\/wp-content\/uploads\/2014\/11\/desmontes.jpg 626w, http:\/\/argentinamunicipal.com.ar\/argentina\/wp-content\/uploads\/2014\/11\/desmontes-300x225.jpg 300w\" sizes=\"auto, (max-width: 626px) 100vw, 626px\" \/><\/a><br \/>\nM\u00e1s de cien organizaciones sociales y cient\u00edficos de todo el pa\u00eds enviaron un documento conjunto a la Secretar\u00eda de Ambiente y Desarrollo Sustentable de la Naci\u00f3n y al Consejo Federal de Medio Ambiente, para que intervengan contra los desmontes ilegales autorizados por el gobierno de Salta.<\/p>\n<p>Organizaciones y cient\u00edficos especializados en la materia enviaron a las autoridades ambientales un documento con el pedido urgente para que: se realicen \u201clas acciones pertinentes para que el Poder Ejecutivo de Salta cumpla en forma estricta las restricciones establecidas en su Ordenamiento Territorial de Bosques Nativos y derogue los decretos que permiten realizar recategorizaciones prediales\u201d.<\/p>\n<p>\u201cEn Salta ya se deforestaron m\u00e1s de 400.000 hect\u00e1reas desde la sanci\u00f3n de la Ley, de las cuales 120.000 hect\u00e1reas se trataban de zonas protegidas. Los desmontes, adem\u00e1s de generar importantes impactos ambientales, afectan seriamente a comunidades campesinas e ind\u00edgenas\u201d, advierte el informe.<\/p>\n<p>Los firmantes se\u00f1alaron a las autoridades nacionales que \u201cresulta sumamente grave que, mediante los decretos 2211\/10 y 3136\/11, el Poder Ejecutivo provincial realice en forma sistem\u00e1tica recategorizaciones prediales que modifican, a simple solicitud del titular de la finca, la zonificaci\u00f3n establecida en el Ordenamiento Territorial de sus Bosques Nativos\u201d.<\/p>\n<p>\u201cLa provincia de Salta ya ha recategorizado m\u00e1s de 150.000 hect\u00e1reas de bosques nativos inicialmente zonificados en las Categor\u00edas I \u2013 rojo y II &#8211; amarillo. Debido a esta extensa superficie, nos enfrentamos ya con un cambio claro del Ordenamiento Territorial de Bosques Nativos original sin haber cumplido los requerimientos establecidos por la Ley Nacional de Bosques y su decreto reglamentario, ni con la resoluci\u00f3n del Consejo Federal de Medio Ambiente\u201d, alertaron los ambientalistas.<\/p>\n<p>Por \u00faltimo, recordaron que la violaci\u00f3n de la Ley de Bosques por parte del gobierno de Salta fue tambi\u00e9n se\u00f1alada por la Auditor\u00eda General de la Naci\u00f3n y por la Defensor\u00eda del Pueblo de la Naci\u00f3n.<\/p>\n<h6>Fuente: Radio Salta<\/h6>\n","protected":false},"excerpt":{"rendered":"<p>M\u00e1s de cien organizaciones sociales y cient\u00edficos de todo el pa\u00eds enviaron un documento conjunto a la Secretar\u00eda de Ambiente y Desarrollo Sustentable de la Naci\u00f3n y al Consejo Federal de Medio Ambiente, para que intervengan contra los desmontes ilegales autorizados por el gobierno de Salta. Organizaciones y cient\u00edficos especializados en la materia enviaron a<\/p>\n","protected":false},"author":2,"featured_media":19162,"comment_status":"closed","ping_status":"closed","sticky":false,"template":"","format":"standard","meta":{"footnotes":""},"categories":[2],"tags":[9],"class_list":["post-19161","post","type-post","status-publish","format-standard","has-post-thumbnail","hentry","category-informe-municipal","tag-salta"],"_links":{"self":[{"href":"http:\/\/argentinamunicipal.com.ar\/argentina\/wp-json\/wp\/v2\/posts\/19161","targetHints":{"allow":["GET"]}}],"collection":[{"href":"http:\/\/argentinamunicipal.com.ar\/argentina\/wp-json\/wp\/v2\/posts"}],"about":[{"href":"http:\/\/argentinamunicipal.com.ar\/argentina\/wp-json\/wp\/v2\/types\/post"}],"author":[{"embeddable":true,"href":"http:\/\/argentinamunicipal.com.ar\/argentina\/wp-json\/wp\/v2\/users\/2"}],"replies":[{"embeddable":true,"href":"http:\/\/argentinamunicipal.com.ar\/argentina\/wp-json\/wp\/v2\/comments?post=19161"}],"version-history":[{"count":0,"href":"http:\/\/argentinamunicipal.com.ar\/argentina\/wp-json\/wp\/v2\/posts\/19161\/revisions"}],"wp:featuredmedia":[{"embeddable":true,"href":"http:\/\/argentinamunicipal.com.ar\/argentina\/wp-json\/wp\/v2\/media\/19162"}],"wp:attachment":[{"href":"http:\/\/argentinamunicipal.com.ar\/argentina\/wp-json\/wp\/v2\/media?parent=19161"}],"wp:term":[{"taxonomy":"category","embeddable":true,"href":"http:\/\/argentinamunicipal.com.ar\/argentina\/wp-json\/wp\/v2\/categories?post=19161"},{"taxonomy":"post_tag","embeddable":true,"href":"http:\/\/argentinamunicipal.com.ar\/argentina\/wp-json\/wp\/v2\/tags?post=19161"}],"curies":[{"name":"wp","href":"https:\/\/api.w.org\/{rel}","templated":true}]}}