{"id":19265,"date":"2014-11-15T10:35:02","date_gmt":"2014-11-15T13:35:02","guid":{"rendered":"http:\/\/argentinamunicipal.com.ar\/argentina\/?p=19265"},"modified":"2014-11-15T10:35:02","modified_gmt":"2014-11-15T13:35:02","slug":"san-martin-de-los-andes-despues-de-un-intenso-debate-la-ciudad-izara-la-bandera-mapuche","status":"publish","type":"post","link":"http:\/\/argentinamunicipal.com.ar\/argentina\/san-martin-de-los-andes-despues-de-un-intenso-debate-la-ciudad-izara-la-bandera-mapuche\/","title":{"rendered":"San Mart\u00edn de los Andes : Despu\u00e9s de un intenso debate, la ciudad\u00a0izar\u00e1 la bandera mapuche"},"content":{"rendered":"<p><a href=\"http:\/\/argentinamunicipal.com.ar\/argentina\/wp-content\/uploads\/2014\/11\/646x420_97936_20141003132427.jpg\"><img loading=\"lazy\" decoding=\"async\" class=\"aligncenter size-full wp-image-19266\" src=\"http:\/\/argentinamunicipal.com.ar\/argentina\/wp-content\/uploads\/2014\/11\/646x420_97936_20141003132427.jpg\" alt=\"646x420_97936_20141003132427\" width=\"646\" height=\"420\" srcset=\"http:\/\/argentinamunicipal.com.ar\/argentina\/wp-content\/uploads\/2014\/11\/646x420_97936_20141003132427.jpg 646w, http:\/\/argentinamunicipal.com.ar\/argentina\/wp-content\/uploads\/2014\/11\/646x420_97936_20141003132427-300x195.jpg 300w\" sizes=\"auto, (max-width: 646px) 100vw, 646px\" \/><\/a><\/p>\n<p>As\u00ed lo decidi\u00f3 el intendente Fern\u00e1ndez.<\/p>\n<p>Luego de un largo tiempo de intenso debate tanto en el \u00e1mbito legislativo como en la sociedad, el Ejecutivo municipal decidi\u00f3 que el 10 de diciembre se izar\u00e1 la bandera mapuche en la plaza San Mart\u00edn de esta ciudad. La decisi\u00f3n tomada por el intendente Juan Carlos Fern\u00e1ndez fue confirmada por el secretario de Turismo, Salvador Vellido.<\/p>\n<p>El funcionario junto al secretario de Gobierno, Guillermo Carnaghi,\u00a0 y a Ariel Epulef, lonco de la comunidad Curruhuinca, estuvieron ayer examinando el lugar donde se colocar\u00e1 el nuevo m\u00e1stil.<\/p>\n<p>\u201cEl jueves de la semana anterior llevamos desde el Ejecutivo una propuesta vinculada con el izamiento de la bandera mapuche en la plaza y en el d\u00eda de ayer (por el jueves) llegamos a la formalidad de esa intenci\u00f3n del Ejecutivo\u201d, coment\u00f3 Vellido.<\/p>\n<p>Explic\u00f3 que en octubre \u201cla pretensi\u00f3n del Ejecutivo fue la de buscar el consenso dentro del Concejo Deliberante\u201d. Pero agreg\u00f3 que \u201cesta es un atribuci\u00f3n que tiene el Ejecutivo\u201d.<\/p>\n<p>Uno de los p\u00e1rrafos de la carta enviada por el intendente a los integrantes de la Mesa Intercultural expresa: \u201cEste pr\u00f3ximo 10 de diciembre se conmemora el d\u00eda de los Derechos Humanos, pero es a su vez la fecha de reasunci\u00f3n de las autoridades democr\u00e1ticas luego de la m\u00e1s feroz y antipopular dictadura que vivi\u00f3 nuestro pa\u00eds el siglo pasado. Entendemos entonces que es ese un marco m\u00e1s que propicio para que concretemos este acto de profundo y fundante peso simb\u00f3lico, que vendr\u00e1, en parte, a constituir realidad aquello que declama nuestra Carta Org\u00e1nica cuando nos define como Municipio Intercultural\u201d.<\/p>\n<h6>Fuente: La Ma\u00f1ana Neuqu\u00e9n<\/h6>\n","protected":false},"excerpt":{"rendered":"<p>As\u00ed lo decidi\u00f3 el intendente Fern\u00e1ndez. Luego de un largo tiempo de intenso debate tanto en el \u00e1mbito legislativo como en la sociedad, el Ejecutivo municipal decidi\u00f3 que el 10 de diciembre se izar\u00e1 la bandera mapuche en la plaza San Mart\u00edn de esta ciudad. La decisi\u00f3n tomada por el intendente Juan Carlos Fern\u00e1ndez fue<\/p>\n","protected":false},"author":2,"featured_media":19266,"comment_status":"closed","ping_status":"closed","sticky":false,"template":"","format":"standard","meta":{"footnotes":""},"categories":[2],"tags":[23],"class_list":["post-19265","post","type-post","status-publish","format-standard","has-post-thumbnail","hentry","category-informe-municipal","tag-neuquen"],"_links":{"self":[{"href":"http:\/\/argentinamunicipal.com.ar\/argentina\/wp-json\/wp\/v2\/posts\/19265","targetHints":{"allow":["GET"]}}],"collection":[{"href":"http:\/\/argentinamunicipal.com.ar\/argentina\/wp-json\/wp\/v2\/posts"}],"about":[{"href":"http:\/\/argentinamunicipal.com.ar\/argentina\/wp-json\/wp\/v2\/types\/post"}],"author":[{"embeddable":true,"href":"http:\/\/argentinamunicipal.com.ar\/argentina\/wp-json\/wp\/v2\/users\/2"}],"replies":[{"embeddable":true,"href":"http:\/\/argentinamunicipal.com.ar\/argentina\/wp-json\/wp\/v2\/comments?post=19265"}],"version-history":[{"count":0,"href":"http:\/\/argentinamunicipal.com.ar\/argentina\/wp-json\/wp\/v2\/posts\/19265\/revisions"}],"wp:featuredmedia":[{"embeddable":true,"href":"http:\/\/argentinamunicipal.com.ar\/argentina\/wp-json\/wp\/v2\/media\/19266"}],"wp:attachment":[{"href":"http:\/\/argentinamunicipal.com.ar\/argentina\/wp-json\/wp\/v2\/media?parent=19265"}],"wp:term":[{"taxonomy":"category","embeddable":true,"href":"http:\/\/argentinamunicipal.com.ar\/argentina\/wp-json\/wp\/v2\/categories?post=19265"},{"taxonomy":"post_tag","embeddable":true,"href":"http:\/\/argentinamunicipal.com.ar\/argentina\/wp-json\/wp\/v2\/tags?post=19265"}],"curies":[{"name":"wp","href":"https:\/\/api.w.org\/{rel}","templated":true}]}}