{"id":19325,"date":"2014-11-17T11:38:58","date_gmt":"2014-11-17T14:38:58","guid":{"rendered":"http:\/\/argentinamunicipal.com.ar\/argentina\/?p=19325"},"modified":"2014-11-17T11:38:58","modified_gmt":"2014-11-17T14:38:58","slug":"el-gobierno-de-neuquen-construira-483-viviendas-en-cuenca-xvi","status":"publish","type":"post","link":"http:\/\/argentinamunicipal.com.ar\/argentina\/el-gobierno-de-neuquen-construira-483-viviendas-en-cuenca-xvi\/","title":{"rendered":"El Gobierno de Neuqu\u00e9n construir\u00e1 483 viviendas en Cuenca XVI"},"content":{"rendered":"<p><a href=\"http:\/\/argentinamunicipal.com.ar\/argentina\/wp-content\/uploads\/2014\/11\/4b41239daf00f9_322x226.66030794.jpg\"><img loading=\"lazy\" decoding=\"async\" class=\"alignleft size-full wp-image-19326\" src=\"http:\/\/argentinamunicipal.com.ar\/argentina\/wp-content\/uploads\/2014\/11\/4b41239daf00f9_322x226.66030794.jpg\" alt=\"4b41239daf00f9_322x226.66030794\" width=\"322\" height=\"226\" srcset=\"http:\/\/argentinamunicipal.com.ar\/argentina\/wp-content\/uploads\/2014\/11\/4b41239daf00f9_322x226.66030794.jpg 322w, http:\/\/argentinamunicipal.com.ar\/argentina\/wp-content\/uploads\/2014\/11\/4b41239daf00f9_322x226.66030794-300x210.jpg 300w\" sizes=\"auto, (max-width: 322px) 100vw, 322px\" \/><\/a>Est\u00e1n enmarcadas dentro del programa \u00abTecho Digno\u00bb y cuentan con un plazo de ejecuci\u00f3n de 365 d\u00edas. Hoy se firman los contratos con las firmas constructoras.<\/p>\n<p>La provincia de Neuqu\u00e9n firmar\u00e1n los contratos con las empresas constructoras para la construccion de 483 viviendas en el barrio Cuenca XVI, que ayudan a dar respuesta a la necesidad de viviendas de los neuquinos.<\/p>\n<p>\u00abSon viviendas de 60 metros cuadrados con dos dormitorios, comedor, ba\u00f1o completo y un lavadero\u00bb, detall\u00f3 esta ma\u00f1ana el ministro de Econom\u00eda y precandidato a gobernador por la lista Azul del MPN, Omar Guti\u00e9rrez..Adem\u00e1s, estar\u00e1n equipadas con artefactos sanitarios sin ba\u00f1era, mesada de cocina, pileta y grifer\u00eda.<\/p>\n<p>Se trata de 483 viviendas del programa Techo Digno en el lote Z1 con una inversi\u00f3n total de 185 millones de pesos y un plazo de ejecuci\u00f3n de 365 d\u00edas corridos para cada uno de los ocho planes.<\/p>\n<p>Por otra parte, el ministro indic\u00f3 que se est\u00e1 construyendo una escuela primaria en Cuenca XV y est\u00e1 planificada otra en Cuenca VI \u00abpara dar contenci\u00f3n a \u00a0los chicos de las familias que van a habitar estas 483 viviendas\u00bb.<\/p>\n<p>Desde Provincia se indic\u00f3 que para llevar adelante este objetivo se comenz\u00f3 con el resguardo de la tierra en el a\u00f1o 2009 y en abril del 2011se firm\u00f3 el convenio \u201cCompromiso Social por un Neuqu\u00e9n sin tomas\u201d. De esta manera, se sent\u00f3 un precedente \u00fanico en un sistema de adjudicaci\u00f3n inclusivo donde se seleccionaron los adjudicatarios en forma conjunta con las comisiones vecinales de la ciudad, dependiendo de la demanda registrada en el Registro \u00danico Provincial de Vivienda y H\u00e1bitat.<\/p>\n<h6>Fuente: La Ma\u00f1ana Neuqu\u00e9n<\/h6>\n","protected":false},"excerpt":{"rendered":"<p>Est\u00e1n enmarcadas dentro del programa \u00abTecho Digno\u00bb y cuentan con un plazo de ejecuci\u00f3n de 365 d\u00edas. Hoy se firman los contratos con las firmas constructoras. La provincia de Neuqu\u00e9n firmar\u00e1n los contratos con las empresas constructoras para la construccion de 483 viviendas en el barrio Cuenca XVI, que ayudan a dar respuesta a la<\/p>\n","protected":false},"author":2,"featured_media":19326,"comment_status":"closed","ping_status":"closed","sticky":false,"template":"","format":"standard","meta":{"footnotes":""},"categories":[2],"tags":[23],"class_list":["post-19325","post","type-post","status-publish","format-standard","has-post-thumbnail","hentry","category-informe-municipal","tag-neuquen"],"_links":{"self":[{"href":"http:\/\/argentinamunicipal.com.ar\/argentina\/wp-json\/wp\/v2\/posts\/19325","targetHints":{"allow":["GET"]}}],"collection":[{"href":"http:\/\/argentinamunicipal.com.ar\/argentina\/wp-json\/wp\/v2\/posts"}],"about":[{"href":"http:\/\/argentinamunicipal.com.ar\/argentina\/wp-json\/wp\/v2\/types\/post"}],"author":[{"embeddable":true,"href":"http:\/\/argentinamunicipal.com.ar\/argentina\/wp-json\/wp\/v2\/users\/2"}],"replies":[{"embeddable":true,"href":"http:\/\/argentinamunicipal.com.ar\/argentina\/wp-json\/wp\/v2\/comments?post=19325"}],"version-history":[{"count":0,"href":"http:\/\/argentinamunicipal.com.ar\/argentina\/wp-json\/wp\/v2\/posts\/19325\/revisions"}],"wp:featuredmedia":[{"embeddable":true,"href":"http:\/\/argentinamunicipal.com.ar\/argentina\/wp-json\/wp\/v2\/media\/19326"}],"wp:attachment":[{"href":"http:\/\/argentinamunicipal.com.ar\/argentina\/wp-json\/wp\/v2\/media?parent=19325"}],"wp:term":[{"taxonomy":"category","embeddable":true,"href":"http:\/\/argentinamunicipal.com.ar\/argentina\/wp-json\/wp\/v2\/categories?post=19325"},{"taxonomy":"post_tag","embeddable":true,"href":"http:\/\/argentinamunicipal.com.ar\/argentina\/wp-json\/wp\/v2\/tags?post=19325"}],"curies":[{"name":"wp","href":"https:\/\/api.w.org\/{rel}","templated":true}]}}