{"id":19328,"date":"2014-11-17T11:41:41","date_gmt":"2014-11-17T14:41:41","guid":{"rendered":"http:\/\/argentinamunicipal.com.ar\/argentina\/?p=19328"},"modified":"2014-11-17T11:52:58","modified_gmt":"2014-11-17T14:52:58","slug":"el-municipio-de-neuquen-permitira-que-se-venda-pirotecnia-para-las-fiestas","status":"publish","type":"post","link":"http:\/\/argentinamunicipal.com.ar\/argentina\/el-municipio-de-neuquen-permitira-que-se-venda-pirotecnia-para-las-fiestas\/","title":{"rendered":"El Municipio de Neuqu\u00e9n no permitir\u00e1 que se venda pirotecnia para las fiestas"},"content":{"rendered":"<p><a href=\"http:\/\/argentinamunicipal.com.ar\/argentina\/wp-content\/uploads\/2014\/11\/media_33269_antipirotecnia.jpg\"><img loading=\"lazy\" decoding=\"async\" class=\"alignright size-full wp-image-19338\" src=\"http:\/\/argentinamunicipal.com.ar\/argentina\/wp-content\/uploads\/2014\/11\/media_33269_antipirotecnia.jpg\" alt=\"media_33269_antipirotecnia\" width=\"396\" height=\"297\" srcset=\"http:\/\/argentinamunicipal.com.ar\/argentina\/wp-content\/uploads\/2014\/11\/media_33269_antipirotecnia.jpg 396w, http:\/\/argentinamunicipal.com.ar\/argentina\/wp-content\/uploads\/2014\/11\/media_33269_antipirotecnia-300x225.jpg 300w\" sizes=\"auto, (max-width: 396px) 100vw, 396px\" \/><\/a>El subsecretario de Fiscalizaci\u00f3n, Gustavo Orlando, anunci\u00f3 que firmar\u00e1n un convenio para controlar la comercializaci\u00f3n ilegal en conjunto con la Polic\u00eda.<\/p>\n<p>El subsecretario de Fiscalizaci\u00f3n del Municipio, Gustavo Orlando, confirm\u00f3 que no se permitir\u00e1 la venta minorista y mayorista de pirotecnia en la ciudad para estas fiestas. Adem\u00e1s anunci\u00f3 que en los pr\u00f3ximos d\u00edas firmar\u00e1n un convenio con el Ejecutivo provincial para controlar la comercializaci\u00f3n ilegal en conjunto con la Polic\u00eda.<\/p>\n<p>En declaraciones a LU5, Orlando explic\u00f3 que \u00abcon esto ponemos blanco sobre negro en una situaci\u00f3n tergiversada\u00bb a ra\u00edz de un fallo judicial que hab\u00eda declarado inconstitucional la norma que hab\u00edan sancionado los concejales para prohibir la venta en la capital neuquina.<\/p>\n<p>\u00abLlevamos m\u00e1s de un mes de reuniones con distintos concejales y con el jefe de Gabinete, el contador Berm\u00fadez. Desde la Provincia nos sugirieron que nos reunamos con el ministro de Seguridad, Gabriel Gastaminza, para firmar un convenio y trabajar en conjunto el control\u00bb, se\u00f1al\u00f3 el funcionario que se mostr\u00f3 a favor de esa iniciativa.<\/p>\n<p>\u00abLa fiscalizaci\u00f3n la vamos a hacer desde el Municipio como autoridad de aplicaci\u00f3n, junto a la Polic\u00eda\u00bb, adelant\u00f3 Orlando, quien adem\u00e1s pidi\u00f3 que se establezca \u00abuna norma regional\u00bb para evitar que haya tr\u00e1fico de pirotecnia desde ciudad cercanas como Cipolletti.<\/p>\n<h6>Fuente: La Ma\u00f1ana Neuqu\u00e9n<\/h6>\n","protected":false},"excerpt":{"rendered":"<p>El subsecretario de Fiscalizaci\u00f3n, Gustavo Orlando, anunci\u00f3 que firmar\u00e1n un convenio para controlar la comercializaci\u00f3n ilegal en conjunto con la Polic\u00eda. El subsecretario de Fiscalizaci\u00f3n del Municipio, Gustavo Orlando, confirm\u00f3 que no se permitir\u00e1 la venta minorista y mayorista de pirotecnia en la ciudad para estas fiestas. Adem\u00e1s anunci\u00f3 que en los pr\u00f3ximos d\u00edas firmar\u00e1n<\/p>\n","protected":false},"author":2,"featured_media":19338,"comment_status":"closed","ping_status":"closed","sticky":false,"template":"","format":"standard","meta":{"footnotes":""},"categories":[2],"tags":[23],"class_list":["post-19328","post","type-post","status-publish","format-standard","has-post-thumbnail","hentry","category-informe-municipal","tag-neuquen"],"_links":{"self":[{"href":"http:\/\/argentinamunicipal.com.ar\/argentina\/wp-json\/wp\/v2\/posts\/19328","targetHints":{"allow":["GET"]}}],"collection":[{"href":"http:\/\/argentinamunicipal.com.ar\/argentina\/wp-json\/wp\/v2\/posts"}],"about":[{"href":"http:\/\/argentinamunicipal.com.ar\/argentina\/wp-json\/wp\/v2\/types\/post"}],"author":[{"embeddable":true,"href":"http:\/\/argentinamunicipal.com.ar\/argentina\/wp-json\/wp\/v2\/users\/2"}],"replies":[{"embeddable":true,"href":"http:\/\/argentinamunicipal.com.ar\/argentina\/wp-json\/wp\/v2\/comments?post=19328"}],"version-history":[{"count":0,"href":"http:\/\/argentinamunicipal.com.ar\/argentina\/wp-json\/wp\/v2\/posts\/19328\/revisions"}],"wp:featuredmedia":[{"embeddable":true,"href":"http:\/\/argentinamunicipal.com.ar\/argentina\/wp-json\/wp\/v2\/media\/19338"}],"wp:attachment":[{"href":"http:\/\/argentinamunicipal.com.ar\/argentina\/wp-json\/wp\/v2\/media?parent=19328"}],"wp:term":[{"taxonomy":"category","embeddable":true,"href":"http:\/\/argentinamunicipal.com.ar\/argentina\/wp-json\/wp\/v2\/categories?post=19328"},{"taxonomy":"post_tag","embeddable":true,"href":"http:\/\/argentinamunicipal.com.ar\/argentina\/wp-json\/wp\/v2\/tags?post=19328"}],"curies":[{"name":"wp","href":"https:\/\/api.w.org\/{rel}","templated":true}]}}