{"id":19343,"date":"2014-11-17T11:58:16","date_gmt":"2014-11-17T14:58:16","guid":{"rendered":"http:\/\/argentinamunicipal.com.ar\/argentina\/?p=19343"},"modified":"2014-11-17T11:58:16","modified_gmt":"2014-11-17T14:58:16","slug":"se-realizo-emprende-salta-en-san-antonio-de-los-cobres","status":"publish","type":"post","link":"http:\/\/argentinamunicipal.com.ar\/argentina\/se-realizo-emprende-salta-en-san-antonio-de-los-cobres\/","title":{"rendered":"Se realiz\u00f3 \u201cEmprende Salta\u201d en San Antonio de los Cobres"},"content":{"rendered":"<p><a href=\"http:\/\/argentinamunicipal.com.ar\/argentina\/wp-content\/uploads\/2014\/11\/IMG-20141115-WA0001.jpg\"><img loading=\"lazy\" decoding=\"async\" class=\"aligncenter  wp-image-19344\" src=\"http:\/\/argentinamunicipal.com.ar\/argentina\/wp-content\/uploads\/2014\/11\/IMG-20141115-WA0001.jpg\" alt=\"IMG-20141115-WA0001\" width=\"667\" height=\"500\" srcset=\"http:\/\/argentinamunicipal.com.ar\/argentina\/wp-content\/uploads\/2014\/11\/IMG-20141115-WA0001.jpg 1136w, http:\/\/argentinamunicipal.com.ar\/argentina\/wp-content\/uploads\/2014\/11\/IMG-20141115-WA0001-300x224.jpg 300w, http:\/\/argentinamunicipal.com.ar\/argentina\/wp-content\/uploads\/2014\/11\/IMG-20141115-WA0001-1024x768.jpg 1024w\" sizes=\"auto, (max-width: 667px) 100vw, 667px\" \/><\/a><br \/>\nLa Jornada mostr\u00f3 las posibilidades existentes para el desarrollo de emprendimientos desde actividades como el turismo hasta emprendimientos productivos, sociales y de responsabilidad social empresaria; tambi\u00e9n se realiz\u00f3 la Feria de emprendedores locales.<\/p>\n<p>Con la participaci\u00f3n de m\u00e1s de ochenta personas se cumpli\u00f3 en San Antonio de los Cobres el sexto encuentro de capacitaci\u00f3n \u201cEmprende Salta\u201d que lleva adelante el Ministerio de Ambiente y Producci\u00f3n Sustentable.<\/p>\n<p>En este contexto se puso de manifiesto las potencialidades de la regi\u00f3n para crear, proyectar emprendimientos y para que desde las experiencias en marcha se traslade en la creaci\u00f3n y consolidaci\u00f3n de empresas y en empleo como modelo productivo.<\/p>\n<p>En tal sentido, el subsecretario de MiPyMEs y Desarrollo Local, Federico Cooke, detall\u00f3 que ya se entregaron m\u00e1s de 14.000 mil microcr\u00e9ditos a diferentes emprendedores en todo la provincia y destac\u00f3 \u201cla importancia de los programas gestionados por el Ministerio de Ambiente y Producci\u00f3n Sustentable para promover el desarrollo emprendedor\u201d.<\/p>\n<p>Por su parte Azucena Salva directora del Centro de Emprendedores de San Antonio de los Cobres remarc\u00f3 el valor del trabajo conjunto entre el Gobierno y otras instituciones para lograr impulsar la econom\u00eda social en el interior de Salta.<\/p>\n<p>Emprender desde la Puna, fue el eje del encuentro con la conferencia que mostraron las \u201chabilidades para el \u00e9xito emprendedor\u201d que deben estar presente al momento de iniciar un negocio, la charla estuvo a cargo de Leonor Chaya y Laura Machado de Jr. Achievement<\/p>\n<p>Por otra parte se present\u00f3 un panel productivo que destac\u00f3 las tem\u00e1ticas de inter\u00e9s regional, \u201cCam\u00e9lidos en la Puna Salte\u00f1a\u201d, \u201cCadena Productiva de la llama: su potencial, agregado de valor en origen y comercializaci\u00f3n\u201d en este expuso el Ing. Agr\u00f3nomo Guillermo Vila Melo y tambi\u00e9n el \u201cProyecto de Chacinados Andinos\u201d a cargo de \u00c1ngela Calpanchay entre otros de igual inter\u00e9s.<br \/>\nExperiencia de emprendimientos locales<\/p>\n<p>Adem\u00e1s, el p\u00fablico cont\u00f3 con el aporte motivador brindado por el panel emprendimientos locales y provinciales, integrado por el \u201cTaller de Cer\u00e1mica Thuru Maky \u201c de Alejandra Alejo, la \u201cPanader\u00eda Regional\u201d de Pedro L\u00e1zaro, el \u201cCriadero de Vicu\u00f1as Agua Dulce\u201d por Violeta Morales, \u201cIntegradata Solutions\u201d por Paola Salinas y \u201cLily Pastri Cheff\u201d con Liliana Galarza de la C\u00e1mara de Comercio de Salta.<\/p>\n<p>El Ministerio de Cultura y Turismo de la Prov. Salta particip\u00f3 tambi\u00e9n presentando el potencial tur\u00edstico de San Antonio de los Cobres y las herramientas que est\u00e1n al alcance de los emprendedores.<\/p>\n<p>Emprende San Antonio de los Cobres es el sexto encuentro gratuito de capacitaci\u00f3n para emprendedores que se desarrolla en el interior provincial, las actividades se hicieron en el Mercado Artesanal de San Antonio de los Cobres, y al igual que las anteriores la propuesta del Gobierno fue brindar informaci\u00f3n, capacitaci\u00f3n, asesoramiento, acompa\u00f1amiento a emprendedores en toda la geograf\u00eda salte\u00f1a.<\/p>\n<h6>Fuente: La Hora de Salta<\/h6>\n","protected":false},"excerpt":{"rendered":"<p>La Jornada mostr\u00f3 las posibilidades existentes para el desarrollo de emprendimientos desde actividades como el turismo hasta emprendimientos productivos, sociales y de responsabilidad social empresaria; tambi\u00e9n se realiz\u00f3 la Feria de emprendedores locales. Con la participaci\u00f3n de m\u00e1s de ochenta personas se cumpli\u00f3 en San Antonio de los Cobres el sexto encuentro de capacitaci\u00f3n \u201cEmprende<\/p>\n","protected":false},"author":2,"featured_media":19344,"comment_status":"closed","ping_status":"closed","sticky":false,"template":"","format":"standard","meta":{"footnotes":""},"categories":[2],"tags":[9],"class_list":["post-19343","post","type-post","status-publish","format-standard","has-post-thumbnail","hentry","category-informe-municipal","tag-salta"],"_links":{"self":[{"href":"http:\/\/argentinamunicipal.com.ar\/argentina\/wp-json\/wp\/v2\/posts\/19343","targetHints":{"allow":["GET"]}}],"collection":[{"href":"http:\/\/argentinamunicipal.com.ar\/argentina\/wp-json\/wp\/v2\/posts"}],"about":[{"href":"http:\/\/argentinamunicipal.com.ar\/argentina\/wp-json\/wp\/v2\/types\/post"}],"author":[{"embeddable":true,"href":"http:\/\/argentinamunicipal.com.ar\/argentina\/wp-json\/wp\/v2\/users\/2"}],"replies":[{"embeddable":true,"href":"http:\/\/argentinamunicipal.com.ar\/argentina\/wp-json\/wp\/v2\/comments?post=19343"}],"version-history":[{"count":0,"href":"http:\/\/argentinamunicipal.com.ar\/argentina\/wp-json\/wp\/v2\/posts\/19343\/revisions"}],"wp:featuredmedia":[{"embeddable":true,"href":"http:\/\/argentinamunicipal.com.ar\/argentina\/wp-json\/wp\/v2\/media\/19344"}],"wp:attachment":[{"href":"http:\/\/argentinamunicipal.com.ar\/argentina\/wp-json\/wp\/v2\/media?parent=19343"}],"wp:term":[{"taxonomy":"category","embeddable":true,"href":"http:\/\/argentinamunicipal.com.ar\/argentina\/wp-json\/wp\/v2\/categories?post=19343"},{"taxonomy":"post_tag","embeddable":true,"href":"http:\/\/argentinamunicipal.com.ar\/argentina\/wp-json\/wp\/v2\/tags?post=19343"}],"curies":[{"name":"wp","href":"https:\/\/api.w.org\/{rel}","templated":true}]}}