{"id":19500,"date":"2014-11-19T09:40:21","date_gmt":"2014-11-19T12:40:21","guid":{"rendered":"http:\/\/argentinamunicipal.com.ar\/argentina\/?p=19500"},"modified":"2014-11-19T09:40:21","modified_gmt":"2014-11-19T12:40:21","slug":"santo-tomas-una-pequena-ciudad-con-muchas-obras-en-marcha","status":"publish","type":"post","link":"http:\/\/argentinamunicipal.com.ar\/argentina\/santo-tomas-una-pequena-ciudad-con-muchas-obras-en-marcha\/","title":{"rendered":"Santo Tom\u00e1s: Una peque\u00f1a ciudad con muchas obras en marcha"},"content":{"rendered":"<p><a href=\"http:\/\/argentinamunicipal.com.ar\/argentina\/wp-content\/uploads\/2014\/11\/P1305355.jpg\"><img loading=\"lazy\" decoding=\"async\" class=\"aligncenter wp-image-19501 size-full\" src=\"http:\/\/argentinamunicipal.com.ar\/argentina\/wp-content\/uploads\/2014\/11\/P1305355-e1416400801831.jpg\" alt=\"P1305355\" width=\"726\" height=\"438\" srcset=\"http:\/\/argentinamunicipal.com.ar\/argentina\/wp-content\/uploads\/2014\/11\/P1305355-e1416400801831.jpg 726w, http:\/\/argentinamunicipal.com.ar\/argentina\/wp-content\/uploads\/2014\/11\/P1305355-e1416400801831-300x180.jpg 300w\" sizes=\"auto, (max-width: 726px) 100vw, 726px\" \/><\/a><br \/>\nLa comuna toma impulso y desarrolla su perfil tur\u00edstico y productivo.<\/p>\n<p>Santo Tom\u00e1s es un peque\u00f1o pueblo situado sobre la Ruta 47, a 35 kil\u00f3metros de Piedra del \u00c1guila. De a poco, este lugar que hoy festeja 39 a\u00f1os de vida est\u00e1 cobrando mucho impulso a partir de una serie de inversiones en obra p\u00fablica e infraestructura urbana que est\u00e1 llevando adelante la Comisi\u00f3n de Fomento, a cargo de Rafael V\u00e1zquez.<\/p>\n<p>El comisionado, que transita su segundo mandato, ha podido desarrollar una importante cantidad de obras que, como explica, est\u00e1n mejorando la calidad de vida de sus 650 habitantes, de los cuales entre 450 y 500 viven en la zona urbana.<\/p>\n<p>Santo Tom\u00e1s es una suerte de\u00a0 oasis en medio del paisaje patag\u00f3nico. Es un pueblo que ha sido tocado por la naturaleza con varias vertientes que en este lugar salen a la luz y forman el arroyo El Correntoso.<\/p>\n<p>Es a partir de estos cauces entre las monta\u00f1as desde la cordillera que se ha dado un impulso a la villa, desde la instalaci\u00f3n de una planta de procesamiento de agua mineral.<\/p>\n<p>V\u00e1zquez explica que existen tres pilares de desarrollo para Santo Tom\u00e1s. Uno es el perfil productivo-agropecuario, el segundo es la explotaci\u00f3n de agua mineral y el tercero, el aprovechamiento tur\u00edstico.<\/p>\n<p>Una de las obras que se est\u00e1 desarrollando y que sumar\u00e1 valor al perfil tur\u00edstico tiene que ver con la primera hoster\u00eda, que funcionar\u00eda a partir de este verano, un parador con servicios para el visitante y un mirador.<\/p>\n<p>V\u00e1zquez destaca varios aspectos que ha guiado su gesti\u00f3n; entre ellas, se destacan la participaci\u00f3n constante de la comunidad en diferentes temas que hacen al desarrollo de la ciudad, inversiones y\u00a0 proyectos. Otra de las caracter\u00edsticas es que, tanto en forma radial como en cada reuni\u00f3n con los vecinos, se busca rendir cuentas de la gesti\u00f3n. Adem\u00e1s, se prioriza el trabajo local a trav\u00e9s de cooperativas.<\/p>\n<p>En relaci\u00f3n con las obras, son muchas y diversas las que se ejecutaron o est\u00e1n en construcci\u00f3n.<\/p>\n<p>Una de las m\u00e1s importantes es la mensura que permitir\u00e1 dar soluci\u00f3n habitacional a muchas familias. Se est\u00e1 ejecutando una obra denominada Centro Integrador Comunitario, que a trav\u00e9s de varios m\u00f3dulos contar\u00e1 con dependencias para las \u00e1reas de salud, capacitaci\u00f3n y eventos,\u00a0 y otro para el \u00e1rea social. El funcionamiento de este espacio estar\u00e1 a cargo de una comisi\u00f3n de vecinos.<\/p>\n<p>Impulsar el desarrollo demogr\u00e1fico estrat\u00e9gico incluyendo y m\u00e1s y nuevos servicios son otra constante para esta gesti\u00f3n municipal. Recientemente se abri\u00f3 paso a una panader\u00eda, un local de comidas, una gomer\u00eda, una tienda, un polirrubro y hay otras propuestas para asentarse en el lugar que fortalecer\u00edan la ampliaci\u00f3n de servicios en rubros como ferreter\u00eda, farmacia, corral\u00f3n e insumos de computaci\u00f3n.<\/p>\n<h3>Zona rural<\/h3>\n<p>\u201cLuego de 8 a\u00f1os de sequ\u00eda, los pozos se secaron y hoy se distribuye por cada propiedad bidones que son descargados en tanques. Se necesita un cami\u00f3n cisterna que permita descargar agua en lo dep\u00f3sitos de cada propiedad\u201d, indic\u00f3 el comisionado y agreg\u00f3 que se reparten 4.000 litros por d\u00eda.<\/p>\n<p>En transporte, funciona en la villa un minib\u00fas que realiza tres viajes semanales a Piedra del \u00c1guila y uno por semana a parajes a El sauce y Ojo de Agua.<\/p>\n<p>Otra de las demandas de la comunidad es en el \u00e1rea de salud. Actualmente tiene centro de salud con una enfermera profesional y una vez a la semana va m\u00e9dico de Piedra del \u00c1guila.<\/p>\n<p>Entre las potencialidades de Santo Tom\u00e1s, se analiza un proyecto para crear en la ciudad un vivero de salic\u00e1ceas (\u00e1lamos y sauces entre otras especies), que ser\u00eda el \u00fanico en la provincia.<\/p>\n<p>\u201cHemos transformado el pueblo con mucho esfuerzo, el aporte de Naci\u00f3n y de la provincia y los vecinos, y seguimos trabajando para que Santo Tom\u00e1s tenga cada una vez una mejor calidad de vida para sus habitantes y que tambi\u00e9n sea un lugar para conocer, aprovechando los atractivos naturales y tur\u00edsticos\u201d, indic\u00f3 V\u00e1zquez.<\/p>\n<h3>M\u00e1s infraestructura en la zona urbana y rural<\/h3>\n<p>Entre las obras ejecutadas en Santo Tom\u00e1s se destacan las soluciones habitacionales durante esta gesti\u00f3n de gobierno y que se han llevado a cabo 92 mejoramientos habitacionales con recupero financiero desde ampliaciones, ayuda con compra de aberturas techos y hasta nuevas construcciones, sumadas \u00e9stas a la construcci\u00f3n de viviendas a trav\u00e9s de distintos programas.<\/p>\n<p>En cuanto a los mejoramientos de viviendas, se trata de un programa que se ha venido ejecutando desde el a\u00f1o 2008, a partir de los recursos de renegociaci\u00f3n de contratos petroleros que afect\u00f3 la provincia para las comisiones de fomento. Se inform\u00f3 desde la Comisi\u00f3n de Fomento que este programa solucion\u00f3 gran parte de la demanda habitacional y se extendi\u00f3 tambi\u00e9n a la zona rural\u00a0 como a parajes aleda\u00f1os El Sauce, Ojo de Agua y La Picaza.<\/p>\n<p>Se realiz\u00f3 la Plazoleta del Bicentenario, con monumento,\u00a0 parquizaci\u00f3n, bancos y fuente de agua. Se ampli\u00f3 la de red y tanque de reserva de agua potable,\u00a0 permitiendo expandir el servicio y beneficiando en forma directa a 15 familias. Tambi\u00e9n se realiz\u00f3 la obra de alumbrado y bicisenda en acceso a la localidad, y se remodel\u00f3 la pileta de nataci\u00f3n en el centro recreativo.<\/p>\n<p>Se construy\u00f3 un parador, que funcionar\u00e1 como sector a fin de brindar servicio de boleter\u00eda, kiosco y sala de espera para los usuarios del servicio de transporte interurbano y a futuro para atenci\u00f3n a los visitantes. Se concret\u00f3 un\u00a0 play\u00f3n con gradas y parrillas en instalaciones deportivas en Escuela Primaria N\u00ba 249, como as\u00ed tambi\u00e9n un play\u00f3n deportivo en el paraje El Sauce. Se concretaron varios metros de cord\u00f3n cuneta y desag\u00fces pluviales\u00a0 y se enripiaron las calles del pueblo.<\/p>\n<p>La plaza de la ciudad cuenta con nueva iluminaci\u00f3n y una pista de skate, y tambi\u00e9n se concret\u00f3 la primera etapa del camping municipal, con ba\u00f1os p\u00fablicos, parrillas y senderos peatonales.<\/p>\n<h3>En ejecuci\u00f3n<\/h3>\n<p>Se est\u00e1 avanzando en otras obras de infraestructura urbana como es el caso del Centro Integrador Comunitario, una\u00a0 obra de 317 metros\u00a0 cuadrados compuesta por 3 m\u00f3dulos con destino\u00a0 a \u00e1reas de salud, social y aulas de capacitaci\u00f3n. La obra cont\u00f3 con\u00a0 financiamiento del Ministerio de Desarrollo Social de la Naci\u00f3n. Se est\u00e1n mensurando 72 lotes sociales y se est\u00e1 ejecutando una cancha de f\u00fatbol con tribunas, vestuarios y cierre perimetral. Se est\u00e1 construyendo la primera\u00a0 hoster\u00eda, que est\u00e1 siendo construida en piedra, maderas y material de la zona. Como parte de las inversiones, se est\u00e1n ejecutando 4 viviendas del Programa Federal de Integraci\u00f3n Sociocomunitaria.<\/p>\n<h6>Fuente: La Ma\u00f1ana Neuqu\u00e9n<\/h6>\n","protected":false},"excerpt":{"rendered":"<p>La comuna toma impulso y desarrolla su perfil tur\u00edstico y productivo. Santo Tom\u00e1s es un peque\u00f1o pueblo situado sobre la Ruta 47, a 35 kil\u00f3metros de Piedra del \u00c1guila. De a poco, este lugar que hoy festeja 39 a\u00f1os de vida est\u00e1 cobrando mucho impulso a partir de una serie de inversiones en obra p\u00fablica<\/p>\n","protected":false},"author":2,"featured_media":19501,"comment_status":"closed","ping_status":"closed","sticky":false,"template":"","format":"standard","meta":{"footnotes":""},"categories":[2],"tags":[23],"class_list":["post-19500","post","type-post","status-publish","format-standard","has-post-thumbnail","hentry","category-informe-municipal","tag-neuquen"],"_links":{"self":[{"href":"http:\/\/argentinamunicipal.com.ar\/argentina\/wp-json\/wp\/v2\/posts\/19500","targetHints":{"allow":["GET"]}}],"collection":[{"href":"http:\/\/argentinamunicipal.com.ar\/argentina\/wp-json\/wp\/v2\/posts"}],"about":[{"href":"http:\/\/argentinamunicipal.com.ar\/argentina\/wp-json\/wp\/v2\/types\/post"}],"author":[{"embeddable":true,"href":"http:\/\/argentinamunicipal.com.ar\/argentina\/wp-json\/wp\/v2\/users\/2"}],"replies":[{"embeddable":true,"href":"http:\/\/argentinamunicipal.com.ar\/argentina\/wp-json\/wp\/v2\/comments?post=19500"}],"version-history":[{"count":0,"href":"http:\/\/argentinamunicipal.com.ar\/argentina\/wp-json\/wp\/v2\/posts\/19500\/revisions"}],"wp:featuredmedia":[{"embeddable":true,"href":"http:\/\/argentinamunicipal.com.ar\/argentina\/wp-json\/wp\/v2\/media\/19501"}],"wp:attachment":[{"href":"http:\/\/argentinamunicipal.com.ar\/argentina\/wp-json\/wp\/v2\/media?parent=19500"}],"wp:term":[{"taxonomy":"category","embeddable":true,"href":"http:\/\/argentinamunicipal.com.ar\/argentina\/wp-json\/wp\/v2\/categories?post=19500"},{"taxonomy":"post_tag","embeddable":true,"href":"http:\/\/argentinamunicipal.com.ar\/argentina\/wp-json\/wp\/v2\/tags?post=19500"}],"curies":[{"name":"wp","href":"https:\/\/api.w.org\/{rel}","templated":true}]}}