{"id":19608,"date":"2014-11-20T09:03:59","date_gmt":"2014-11-20T12:03:59","guid":{"rendered":"http:\/\/argentinamunicipal.com.ar\/argentina\/?p=19608"},"modified":"2014-11-20T09:03:59","modified_gmt":"2014-11-20T12:03:59","slug":"municipios-entrerrianos-fortalecen-sus-sistemas-de-gestion-de-residuos","status":"publish","type":"post","link":"http:\/\/argentinamunicipal.com.ar\/argentina\/municipios-entrerrianos-fortalecen-sus-sistemas-de-gestion-de-residuos\/","title":{"rendered":"Municipios Entrerrianos fortalecen sus sistemas de gesti\u00f3n de residuos"},"content":{"rendered":"<p><a href=\"http:\/\/argentinamunicipal.com.ar\/argentina\/wp-content\/uploads\/2014\/11\/stardraw_basura.jpg\"><img loading=\"lazy\" decoding=\"async\" class=\"alignleft size-full wp-image-19609\" src=\"http:\/\/argentinamunicipal.com.ar\/argentina\/wp-content\/uploads\/2014\/11\/stardraw_basura.jpg\" alt=\"stardraw_basura\" width=\"359\" height=\"280\" srcset=\"http:\/\/argentinamunicipal.com.ar\/argentina\/wp-content\/uploads\/2014\/11\/stardraw_basura.jpg 359w, http:\/\/argentinamunicipal.com.ar\/argentina\/wp-content\/uploads\/2014\/11\/stardraw_basura-300x233.jpg 300w\" sizes=\"auto, (max-width: 359px) 100vw, 359px\" \/><\/a>Representantes de las \u00e1reas de medio ambiente de distintas localidades entrerrianas participaron este viernes del taller sobre Propuestas de Mejora en Plantas de Separaci\u00f3n y Recuperaci\u00f3n de Materiales, que fue dictado por un equipo de consultores expertos de la Secretar\u00eda de Ambiente y Desarrollo Sustentable de la Naci\u00f3n \u2022 \u201cPara que la pol\u00edtica ambiental llegue a todo el territorio es fundamental que los actores claves de cada comunidad tengan instancias de formaci\u00f3n\u201d, afirm\u00f3 el secretario de Ambiente de Entre R\u00edos, Fernando Raffo<\/p>\n<p>El objetivo del encuentro consisti\u00f3 principalmente en fortalecer y dotar a los municipios de herramientas concretas de gesti\u00f3n, conocer la situaci\u00f3n actual de las plantas de separaci\u00f3n de la provincia y generar propuestas de mejora en los sistemas de recuperaci\u00f3n de materiales.<\/p>\n<p>El taller se llev\u00f3 a cabo en el Teatro 3 de Febrero de Paran\u00e1 y fue dictado por un equipo de consultores expertos de la Coordinaci\u00f3n General de Gesti\u00f3n Integral de Residuos S\u00f3lidos Urbanos de la Secretar\u00eda de Ambiente y Desarrollo Sustentable de la Naci\u00f3n. Fue organizado en forma articulada con la Secretar\u00eda de Ambiente de Entre R\u00edos y de la Secretar\u00eda de Medio Ambiente municipal.<\/p>\n<p>En la apertura del taller, el secretario de Ambiente de la provincia, Fernando Raffo, dijo que este \u201ces el octavo encuentro que se realiza este a\u00f1o en diferentes ciudades entrerrianas y destinado a formar los equipos en distintas tem\u00e1ticas que tienen que ver con el ambiente. Hoy le toc\u00f3 a Paran\u00e1 ya que est\u00e1 pronta a inaugurarse la planta de tratamiento de residuos, una de las m\u00e1s importantes en cuanto a dimensiones y tecnolog\u00eda, despu\u00e9s de las existentes en Buenos Aires y Capital Federal\u201d.<\/p>\n<p>Respecto al trabajo que se realiza en el resto de la provincia vinculado a la separaci\u00f3n de residuos, Raffo sostuvo que \u201cest\u00e1 bastante avanzado y justamente Entre R\u00edos se destaca por tener una gran distribuci\u00f3n territorial, con 230 municipios y juntas de gobierno y, a su vez, hay ciudades que llevan m\u00e1s de 10 a\u00f1os de trabajo en lo relacionado a separaci\u00f3n diferenciada y presentan distintos grados de avance en sus plantas de tratamiento\u201d.<\/p>\n<p>\u201cPara que la pol\u00edtica ambiental llegue al territorio es fundamental que los actores claves de cada comunidad tengan instancias de formaci\u00f3n\u201d, consider\u00f3 el funcionario antes de agregar que la Secretar\u00eda, hace siete a\u00f1os, inici\u00f3 un proceso de fortalecimiento institucional que consisti\u00f3 en la incorporaci\u00f3n de personal t\u00e9cnico, insumos e inversi\u00f3n en la formaci\u00f3n del personal. Este es el camino para obtener una mejor calidad en la gesti\u00f3n ambiental\u201d.<\/p>\n<p>Por su parte, la secretaria de Medio Ambiente de Paran\u00e1, Juliana Robledo, expres\u00f3 que es muy importante que el taller se haya realizado en la ciudad ya que Paran\u00e1 \u201cest\u00e1 atravesando un proceso muy fuerte de desarrollo de las pol\u00edticas de gesti\u00f3n integral de los residuos, basado en tres ejes fundamentales que se han desarrollado los \u00faltimos a\u00f1os: inversi\u00f3n en equipamientos y tecnolog\u00eda a trav\u00e9s de la construcci\u00f3n de la planta de tratamiento; inclusi\u00f3n social mediante programas de capacitaci\u00f3n y conformaci\u00f3n de una cooperativa de trabajo; y el fortalecimiento institucional de los equipos de la Municipalidad. Y esta capacitaci\u00f3n apunta sin dudas a este \u00faltimo eje\u201d, afirm\u00f3 Robledo.<\/p>\n<p>El taller consisti\u00f3 en la presentaci\u00f3n de los objetivos del mismo, resultados de la encuesta, conceptos y datos relevantes; y el abordaje de los problemas que afectan a los sistemas de separaci\u00f3n; presentaci\u00f3n de experiencias disparadoras de soluciones; intercambio de experiencias para abordar los problemas planteados; y finaliz\u00f3 con una visita a la planta de clasificaci\u00f3n de residuo s\u00f3lidos de Paran\u00e1.<\/p>\n<p>Participaron representantes de los municipios de La Paz, Cerrito, Crespo, Oro Verde, Paran\u00e1, Concordia, Gualeguaych\u00fa, Santa Elena, San Benito y Urdinarrain.<\/p>\n<h6>Fuente: APF Digital<\/h6>\n","protected":false},"excerpt":{"rendered":"<p>Representantes de las \u00e1reas de medio ambiente de distintas localidades entrerrianas participaron este viernes del taller sobre Propuestas de Mejora en Plantas de Separaci\u00f3n y Recuperaci\u00f3n de Materiales, que fue dictado por un equipo de consultores expertos de la Secretar\u00eda de Ambiente y Desarrollo Sustentable de la Naci\u00f3n \u2022 \u201cPara que la pol\u00edtica ambiental llegue<\/p>\n","protected":false},"author":2,"featured_media":19609,"comment_status":"closed","ping_status":"closed","sticky":false,"template":"","format":"standard","meta":{"footnotes":""},"categories":[2],"tags":[17],"class_list":["post-19608","post","type-post","status-publish","format-standard","has-post-thumbnail","hentry","category-informe-municipal","tag-entre-rios"],"_links":{"self":[{"href":"http:\/\/argentinamunicipal.com.ar\/argentina\/wp-json\/wp\/v2\/posts\/19608","targetHints":{"allow":["GET"]}}],"collection":[{"href":"http:\/\/argentinamunicipal.com.ar\/argentina\/wp-json\/wp\/v2\/posts"}],"about":[{"href":"http:\/\/argentinamunicipal.com.ar\/argentina\/wp-json\/wp\/v2\/types\/post"}],"author":[{"embeddable":true,"href":"http:\/\/argentinamunicipal.com.ar\/argentina\/wp-json\/wp\/v2\/users\/2"}],"replies":[{"embeddable":true,"href":"http:\/\/argentinamunicipal.com.ar\/argentina\/wp-json\/wp\/v2\/comments?post=19608"}],"version-history":[{"count":0,"href":"http:\/\/argentinamunicipal.com.ar\/argentina\/wp-json\/wp\/v2\/posts\/19608\/revisions"}],"wp:featuredmedia":[{"embeddable":true,"href":"http:\/\/argentinamunicipal.com.ar\/argentina\/wp-json\/wp\/v2\/media\/19609"}],"wp:attachment":[{"href":"http:\/\/argentinamunicipal.com.ar\/argentina\/wp-json\/wp\/v2\/media?parent=19608"}],"wp:term":[{"taxonomy":"category","embeddable":true,"href":"http:\/\/argentinamunicipal.com.ar\/argentina\/wp-json\/wp\/v2\/categories?post=19608"},{"taxonomy":"post_tag","embeddable":true,"href":"http:\/\/argentinamunicipal.com.ar\/argentina\/wp-json\/wp\/v2\/tags?post=19608"}],"curies":[{"name":"wp","href":"https:\/\/api.w.org\/{rel}","templated":true}]}}