{"id":19614,"date":"2014-11-20T09:15:29","date_gmt":"2014-11-20T12:15:29","guid":{"rendered":"http:\/\/argentinamunicipal.com.ar\/argentina\/?p=19614"},"modified":"2015-04-28T15:59:39","modified_gmt":"2015-04-28T18:59:39","slug":"dia-de-la-soberania-nacional","status":"publish","type":"post","link":"http:\/\/argentinamunicipal.com.ar\/argentina\/dia-de-la-soberania-nacional\/","title":{"rendered":"D\u00eda de la Soberan\u00eda Nacional"},"content":{"rendered":"<p><a href=\"http:\/\/argentinamunicipal.com.ar\/argentina\/wp-content\/uploads\/2014\/11\/obligado14.jpg\"><img loading=\"lazy\" decoding=\"async\" class=\"aligncenter size-full wp-image-19615\" src=\"http:\/\/argentinamunicipal.com.ar\/argentina\/wp-content\/uploads\/2014\/11\/obligado14.jpg\" alt=\"obligado14\" width=\"450\" height=\"329\" srcset=\"http:\/\/argentinamunicipal.com.ar\/argentina\/wp-content\/uploads\/2014\/11\/obligado14.jpg 450w, http:\/\/argentinamunicipal.com.ar\/argentina\/wp-content\/uploads\/2014\/11\/obligado14-300x219.jpg 300w\" sizes=\"auto, (max-width: 450px) 100vw, 450px\" \/><\/a><\/p>\n<p>Hoy se conmemora la Batalla de la Vuelta de Obligado ocurrida en 1845.<\/p>\n<p>El 20 de noviembre es el D\u00eda de la Soberan\u00eda Nacional en conmemoraci\u00f3n de labatalla de la Vuelta de Obligado de 1845. En aquel entonces los heroicos soldados argentinos, en inferioridad de condiciones, resistieron la invasi\u00f3n del ej\u00e9rcito anglo-franc\u00e9s, el m\u00e1s poderoso del mundo. La fecha fue instaurada por pedido del historiador Jos\u00e9 Mar\u00eda Rosa y se oficializ\u00f3 por medio de la Ley N\u00ba 20.770, en 1974.<\/p>\n<p>En 2010, la presidente Cristina Fern\u00e1ndez de Kirchner inaugur\u00f3 un monumento en homenaje a la gesta militar argentina, emplazado en la localidad de San Pedro, provincia de Buenos Aires. La obra est\u00e1 ubicada a unos 30 metros del pante\u00f3n que recuerda a los h\u00e9roes, que hasta no hace mucho se encontraba descuidado, y su autor fue el artista pl\u00e1stico Rogelio Polesello. Asimismo tambi\u00e9n por iniciativa de la primera mandataria, el d\u00eda de la soberan\u00eda pas\u00f3 a ser feriado nacional.<\/p>\n<p>&nbsp;<\/p>\n<p><a href=\"http:\/\/argentinamunicipal.com.ar\/argentina\/wp-content\/uploads\/2014\/11\/monumento-a-la-batalla-de-vuelta-de-obligado-san-pedro-1.jpg\"><img loading=\"lazy\" decoding=\"async\" class=\"aligncenter size-full wp-image-19622\" src=\"http:\/\/argentinamunicipal.com.ar\/argentina\/wp-content\/uploads\/2014\/11\/monumento-a-la-batalla-de-vuelta-de-obligado-san-pedro-1.jpg\" alt=\"monumento-a-la-batalla-de-vuelta-de-obligado-san-pedro-1\" width=\"797\" height=\"442\" srcset=\"http:\/\/argentinamunicipal.com.ar\/argentina\/wp-content\/uploads\/2014\/11\/monumento-a-la-batalla-de-vuelta-de-obligado-san-pedro-1.jpg 797w, http:\/\/argentinamunicipal.com.ar\/argentina\/wp-content\/uploads\/2014\/11\/monumento-a-la-batalla-de-vuelta-de-obligado-san-pedro-1-300x166.jpg 300w\" sizes=\"auto, (max-width: 797px) 100vw, 797px\" \/><\/a><\/p>\n<p>En este sentido, en palabras de la presidente celebrar el D\u00eda de la Soberan\u00eda es \u201ccumplir con una deuda hist\u00f3rica, porque se ocultaron deliberadamente durante dos siglos, luchas contra otros colonialismos que a\u00fan subsisten, por ejemplo en las Malvinas\u201d. Por eso, \u201chay que entender la necesidad de la unidad nacional para lograr la gran Naci\u00f3n como so\u00f1aron Manuel Belgrano, Mariano Moreno y Juan Jos\u00e9 Castelli\u201d, afirm\u00f3 la presidente.<\/p>\n<p>Este a\u00f1o el feriado nacional se traslada para el lunes 24, convirti\u00e9ndose en uno de los \u00faltimos fin de semana largos del 2014.<\/p>\n<h6>Fuente: El Tribuno, Jujuy<\/h6>\n","protected":false},"excerpt":{"rendered":"<p>Hoy se conmemora la Batalla de la Vuelta de Obligado ocurrida en 1845. El 20 de noviembre es el D\u00eda de la Soberan\u00eda Nacional en conmemoraci\u00f3n de labatalla de la Vuelta de Obligado de 1845. En aquel entonces los heroicos soldados argentinos, en inferioridad de condiciones, resistieron la invasi\u00f3n del ej\u00e9rcito anglo-franc\u00e9s, el m\u00e1s poderoso<\/p>\n","protected":false},"author":2,"featured_media":19622,"comment_status":"closed","ping_status":"closed","sticky":false,"template":"","format":"standard","meta":{"footnotes":""},"categories":[8],"tags":[21],"class_list":["post-19614","post","type-post","status-publish","format-standard","has-post-thumbnail","hentry","category-informe-nacional","tag-argentina"],"_links":{"self":[{"href":"http:\/\/argentinamunicipal.com.ar\/argentina\/wp-json\/wp\/v2\/posts\/19614","targetHints":{"allow":["GET"]}}],"collection":[{"href":"http:\/\/argentinamunicipal.com.ar\/argentina\/wp-json\/wp\/v2\/posts"}],"about":[{"href":"http:\/\/argentinamunicipal.com.ar\/argentina\/wp-json\/wp\/v2\/types\/post"}],"author":[{"embeddable":true,"href":"http:\/\/argentinamunicipal.com.ar\/argentina\/wp-json\/wp\/v2\/users\/2"}],"replies":[{"embeddable":true,"href":"http:\/\/argentinamunicipal.com.ar\/argentina\/wp-json\/wp\/v2\/comments?post=19614"}],"version-history":[{"count":0,"href":"http:\/\/argentinamunicipal.com.ar\/argentina\/wp-json\/wp\/v2\/posts\/19614\/revisions"}],"wp:featuredmedia":[{"embeddable":true,"href":"http:\/\/argentinamunicipal.com.ar\/argentina\/wp-json\/wp\/v2\/media\/19622"}],"wp:attachment":[{"href":"http:\/\/argentinamunicipal.com.ar\/argentina\/wp-json\/wp\/v2\/media?parent=19614"}],"wp:term":[{"taxonomy":"category","embeddable":true,"href":"http:\/\/argentinamunicipal.com.ar\/argentina\/wp-json\/wp\/v2\/categories?post=19614"},{"taxonomy":"post_tag","embeddable":true,"href":"http:\/\/argentinamunicipal.com.ar\/argentina\/wp-json\/wp\/v2\/tags?post=19614"}],"curies":[{"name":"wp","href":"https:\/\/api.w.org\/{rel}","templated":true}]}}