{"id":19633,"date":"2014-11-20T09:45:18","date_gmt":"2014-11-20T12:45:18","guid":{"rendered":"http:\/\/argentinamunicipal.com.ar\/argentina\/?p=19633"},"modified":"2014-11-20T09:45:18","modified_gmt":"2014-11-20T12:45:18","slug":"en-rosario-multas-de-hasta-15-mil-pesos-para-los-locales-que-usen-mal-el-aire-acondicionado","status":"publish","type":"post","link":"http:\/\/argentinamunicipal.com.ar\/argentina\/en-rosario-multas-de-hasta-15-mil-pesos-para-los-locales-que-usen-mal-el-aire-acondicionado\/","title":{"rendered":"En Rosario multas de hasta 15 mil pesos para los locales que usen mal el aire acondicionado"},"content":{"rendered":"<div id=\"attachment_19634\" style=\"width: 633px\" class=\"wp-caption aligncenter\"><a href=\"http:\/\/argentinamunicipal.com.ar\/argentina\/wp-content\/uploads\/2014\/11\/8105.2_web.jpg\"><img loading=\"lazy\" decoding=\"async\" aria-describedby=\"caption-attachment-19634\" class=\" wp-image-19634\" src=\"http:\/\/argentinamunicipal.com.ar\/argentina\/wp-content\/uploads\/2014\/11\/8105.2_web.jpg\" alt=\"La interrupci\u00f3n del servicio es consecuencia del exceso de consumo.\" width=\"623\" height=\"467\" srcset=\"http:\/\/argentinamunicipal.com.ar\/argentina\/wp-content\/uploads\/2014\/11\/8105.2_web.jpg 800w, http:\/\/argentinamunicipal.com.ar\/argentina\/wp-content\/uploads\/2014\/11\/8105.2_web-300x225.jpg 300w\" sizes=\"auto, (max-width: 623px) 100vw, 623px\" \/><\/a><p id=\"caption-attachment-19634\" class=\"wp-caption-text\">La interrupci\u00f3n del servicio es consecuencia del exceso de consumo.<\/p><\/div>\n<p>&nbsp;<\/p>\n<p>Los locales c\u00e9ntricos que cuenten con aire acondicionado y dejen sus puertas abiertas de par en par ser\u00e1n sancionados con multas que van desde los 7.500 a 15 mil pesos.<\/p>\n<p>Los locales c\u00e9ntricos que cuenten con aire acondicionado y dejen sus puertas abiertas de par en par ser\u00e1n sancionados con multas que van desde los 7.500 a 15 mil pesos. El proyecto tambi\u00e9n contempla que esos comercios deber\u00e1n disponer de un sistema de cierre de puertas adecuado con el fin de impedir que permanezcan abiertas permanentemente y generen un consumo energ\u00e9tico excesivo.<\/p>\n<p>La iniciativa es impulsada por los concejales radicales Mar\u00eda Eugenia Schmuck y Sebasti\u00e1n Chale y podr\u00eda convertirse hoy en ordenanza, ya que consigui\u00f3 despacho favorable en la comisi\u00f3n de Gobierno.<\/p>\n<p>\u00abEs muy habitual caminar por la calle y advertir que comercios, edificios y grandes tiendas mantienen sus puertas abiertas y sus equipos de aire acondicionado funcionando a una temperatura baj\u00edsima. Esto supone un gasto energ\u00e9tico muy alto que debe ser controlado\u00bb, consideraron los ediles.<\/p>\n<p>El proyecto prev\u00e9 que los edificios y locales con acceso desde la calle que cuenten con equipos de refrigeraci\u00f3n, deber\u00e1n disponer de un sistema de cierre de puertas adecuado con el fin de impedir que \u00e9stas permanezcan abiertas permanentemente y generen un consumo energ\u00e9tico excesivo.<\/p>\n<p>De percatarse esta irregularidad, el comercio ser\u00e1 sancionado con multas que ir\u00e1n desde 570 a 1140 unidades fijas (cada unidad fija equivale al menor precio de venta al p\u00fablico de un litro de nafta), es decir, sanciones que ir\u00edan desde 7.500 a 15 mil pesos.<\/p>\n<p>\u00abDesde el Estado, y tambi\u00e9n cada uno de nosotros como ciudadanos, tenemos la obligaci\u00f3n de promover y ejercer el consumo responsable de energ\u00eda, pensando que estos excesos no s\u00f3lo producen interrupciones del servicio en otros sectores de la ciudad sino que tambi\u00e9n crean un da\u00f1o irreparable para las generaciones futuras, ya que la energ\u00eda es un recurso escaso\u00bb, sostuvo Schmuck.<\/p>\n<p>En cifras. En tal sentido, agreg\u00f3: \u00abMuchas veces peque\u00f1os actos cotidianos generan grandes impactos y no los percibimos. Para darnos una idea, los comercios que tienen la puerta abierta en verano emiten 1 tonelada de CO2 (di\u00f3xido de carbono) al mes, esto equivale al volumen de una pileta de 10 metros de ancho, 25 de largo y 2 metros de profundidad; o a la cantidad que sale del tubo de escape de un auto que recorre 8 mil kil\u00f3metros, por ejemplo desde Rosario a Comodoro Rivadavia\u00bb.<\/p>\n<p>Por su parte, Chale destac\u00f3 que \u00abmuchos comerciantes y vecinos que utilizan la energ\u00eda responsablemente sufren cortes en el suministro, teniendo como consecuencia enormes p\u00e9rdidas en mercader\u00edas y artefactos en sus hogares. Si bien el aire acondicionado a una temperatura baja con las puertas abiertas puede resultar una medida para atraer clientes, es al mismo tiempo una decisi\u00f3n nociva para el medioambiente. Es com\u00fan ver en la peatonal cadenas de electrodom\u00e9sticos que incluso llegan a prescindir de sus puertas, provocando un derroche inadmisible\u00bb, estim\u00f3.<\/p>\n<p>Cabe recordar que la temperatura sugerida para utilizar los equipos de aire acondicionado es 24\u00ba.<\/p>\n<p>Por cada grado que disminuye la temperatura, el aparato consume un 8 por ciento m\u00e1s de energ\u00eda.<\/p>\n<h6>Fuente: La Capital, Rosario<\/h6>\n","protected":false},"excerpt":{"rendered":"<p>&nbsp; Los locales c\u00e9ntricos que cuenten con aire acondicionado y dejen sus puertas abiertas de par en par ser\u00e1n sancionados con multas que van desde los 7.500 a 15 mil pesos. Los locales c\u00e9ntricos que cuenten con aire acondicionado y dejen sus puertas abiertas de par en par ser\u00e1n sancionados con multas que van desde<\/p>\n","protected":false},"author":2,"featured_media":19634,"comment_status":"closed","ping_status":"closed","sticky":false,"template":"","format":"standard","meta":{"footnotes":""},"categories":[2],"tags":[10],"class_list":["post-19633","post","type-post","status-publish","format-standard","has-post-thumbnail","hentry","category-informe-municipal","tag-santa-fe"],"_links":{"self":[{"href":"http:\/\/argentinamunicipal.com.ar\/argentina\/wp-json\/wp\/v2\/posts\/19633","targetHints":{"allow":["GET"]}}],"collection":[{"href":"http:\/\/argentinamunicipal.com.ar\/argentina\/wp-json\/wp\/v2\/posts"}],"about":[{"href":"http:\/\/argentinamunicipal.com.ar\/argentina\/wp-json\/wp\/v2\/types\/post"}],"author":[{"embeddable":true,"href":"http:\/\/argentinamunicipal.com.ar\/argentina\/wp-json\/wp\/v2\/users\/2"}],"replies":[{"embeddable":true,"href":"http:\/\/argentinamunicipal.com.ar\/argentina\/wp-json\/wp\/v2\/comments?post=19633"}],"version-history":[{"count":0,"href":"http:\/\/argentinamunicipal.com.ar\/argentina\/wp-json\/wp\/v2\/posts\/19633\/revisions"}],"wp:featuredmedia":[{"embeddable":true,"href":"http:\/\/argentinamunicipal.com.ar\/argentina\/wp-json\/wp\/v2\/media\/19634"}],"wp:attachment":[{"href":"http:\/\/argentinamunicipal.com.ar\/argentina\/wp-json\/wp\/v2\/media?parent=19633"}],"wp:term":[{"taxonomy":"category","embeddable":true,"href":"http:\/\/argentinamunicipal.com.ar\/argentina\/wp-json\/wp\/v2\/categories?post=19633"},{"taxonomy":"post_tag","embeddable":true,"href":"http:\/\/argentinamunicipal.com.ar\/argentina\/wp-json\/wp\/v2\/tags?post=19633"}],"curies":[{"name":"wp","href":"https:\/\/api.w.org\/{rel}","templated":true}]}}