{"id":19644,"date":"2014-11-20T10:15:49","date_gmt":"2014-11-20T13:15:49","guid":{"rendered":"http:\/\/argentinamunicipal.com.ar\/argentina\/?p=19644"},"modified":"2014-11-20T10:16:22","modified_gmt":"2014-11-20T13:16:22","slug":"el-senado-nacional-emitio-un-dictamen-favorable-al-proyecto-de-tolerancia-cero-de-alcohol-al-conducir","status":"publish","type":"post","link":"http:\/\/argentinamunicipal.com.ar\/argentina\/el-senado-nacional-emitio-un-dictamen-favorable-al-proyecto-de-tolerancia-cero-de-alcohol-al-conducir\/","title":{"rendered":"Dictamen favorable al proyecto de tolerancia cero de alcohol al conducir"},"content":{"rendered":"<p>El Senado emiti\u00f3 dictamen favorable al proyecto de ley del Poder Ejecutivo que prev\u00e9 \u00abtolerancia cero de alcohol al conducir\u201d para los particulares en rutas nacionales, tras una exposici\u00f3n del ministro Florencio Randazzo.<\/p>\n<p>Ante el plenario de comisiones de Infraestructura, Vivienda y Transporte, Justicia y Asuntos Penales y Presupuesto y Hacienda de la C\u00e1mara alta, el ministro del Interior y Transporte, Florencio Randazzo, apunt\u00f3 que el objetivo es que \u00abel que toma alcohol, por poco que sea, no pueda manejar\u00bb.<\/p>\n<p>Randazzo asisti\u00f3 a la exposici\u00f3n acompa\u00f1ado por familiares de v\u00edctimas fatales de siniestros viales, que en Argentina \u00abocupan el tercer lugar en motivos de ingreso por guardia en hospitales, y el 23 por ciento de los pacientes ingresados por esa causa se vinculan directamente con el consumo de alcohol\u00bb.<\/p>\n<p>\u00abCuando analizamos los resultados de los controles de alcoholemia realizados por Seguridad Vial, el 7 por ciento de los conductores superaba el l\u00edmite de alcohol permitido, pero hubo un 11 por ciento m\u00e1s que dio entre 0,1 y 0,5 que, sin duda, estaban bajo los efectos del alcohol y no fueron sancionados\u00bb, argument\u00f3.<\/p>\n<p>Randazzo explic\u00f3 que el proyecto apunta \u00abespecialmente a proteger a los m\u00e1s j\u00f3venes, porque est\u00e1 demostrado que son los que protagonizan los accidentes viales m\u00e1s graves\u00bb.<\/p>\n<p>\u00abSeg\u00fan los casos de alcoholemia positiva detectados durante 2013, el 80 por ciento ten\u00eda entre 18 y 44 a\u00f1os y apenas el 20 por ciento fueron mayores de 45 a\u00f1os\u00bb, ejemplific\u00f3.<\/p>\n<p>Respecto al dato de control de alcoholemias positivas por tipo de veh\u00edculo, Randazzo aport\u00f3 que \u00abel 78 por ciento se dio en autom\u00f3viles, el 15 por ciento en motocicletas, el 4 en pick up y apenas un 1 en \u00f3mnibus y otro 1 en camiones\u00bb.<\/p>\n<p>\u00abLa notable diferencia de alcoholemias positivas entre las categor\u00edas profesionales y particulares muestra que cuando existe prohibici\u00f3n total en la ingesta, los niveles de cumplimiento tambi\u00e9n son m\u00e1s altos\u00bb, plante\u00f3.<\/p>\n<p>El ministro precis\u00f3 que la idea es que rija sobre las rutas nacionales y que los municipios y las provincias adhieran.<\/p>\n<p>Randazzo mencion\u00f3 que \u00abel exceso de velocidad, el alcohol en sangre, el no uso de cintur\u00f3n de seguridad, el uso de elementos de distracci\u00f3n mientras se maneja y el no uso de casco son las cinco causas por las que se produce el 90 por ciento de los accidentes de tr\u00e1nsito\u00bb.<\/p>\n<p>Otros cambios que introduce la nueva normativa son los controles de velocidad promedio sobre un tramo de la ruta, la regulaci\u00f3n de cuatriciclos y las edades m\u00ednimas para conducir, 21 a\u00f1os para las clases de licencias c, d y e (profesionales de carga o transporte de pasajeros); 17 a\u00f1os para lo que se conoce como particular de autos y 16 a\u00f1os para ciclomotores sin pasajeros.<\/p>\n<p>\u201cCon esta modificaci\u00f3n a la Ley de Tr\u00e1nsito reduciendo de 0,5 a 0 la tolerancia en la alcoholemia, queremos que el que toma alcohol no pueda manejar\u201d, enfatiz\u00f3.<\/p>\n<p>Sergio Lev\u00edn, pap\u00e1 de Lucas, uno de los nueve estudiantes del colegio Ecos que fallecieron en 2006 junto a otros tres adultos cuando el micro en el que viajaban fue embestido por un cami\u00f3n en la ruta 11, dijo a T\u00e9lam que est\u00e1n \u00abmuy a favor de este proyecto, es una medida indispensable\u00bb.<\/p>\n<p>Lev\u00edn, que junto a otros familiares y compa\u00f1eros de las v\u00edctimas de ese choque fund\u00f3 la asociaci\u00f3n \u00abConduciendo a Conciencia\u00bb para promover campa\u00f1as de prevenci\u00f3n y concientizaci\u00f3n vial, se\u00f1al\u00f3 que \u00abel alcohol cero ya mismo deber\u00eda implementarse en las rutas nacionales y todos los gobiernos provinciales y municipales que quieran cuidar a sus ciudadanos deber\u00edan adherirse a la medida\u00bb.<\/p>\n<p>\u00abEn el accidente de nuestros hijos el conductor del cami\u00f3n estaba alcoholizado y como ten\u00eda carnet profesional no deber\u00eda haber ingerido alcohol antes de manejar\u00bb, a\u00f1adi\u00f3.<\/p>\n<p>\u00abMuchos dicen que habr\u00eda que estar atentos a quienes manejan con m\u00e1s de 0.5 de alcohol en sangre, pero para llegar a 0.5 primero tienen que haber bebido, por eso tiene que haber tolerancia cero, para evitar que la gente especule sobre cuanto puede beber antes de subirse al auto\u00bb, complet\u00f3.<\/p>\n<h6>Fuente: T\u00e9lam<\/h6>\n","protected":false},"excerpt":{"rendered":"<p>El Senado emiti\u00f3 dictamen favorable al proyecto de ley del Poder Ejecutivo que prev\u00e9 \u00abtolerancia cero de alcohol al conducir\u201d para los particulares en rutas nacionales, tras una exposici\u00f3n del ministro Florencio Randazzo. Ante el plenario de comisiones de Infraestructura, Vivienda y Transporte, Justicia y Asuntos Penales y Presupuesto y Hacienda de la C\u00e1mara alta,<\/p>\n","protected":false},"author":2,"featured_media":0,"comment_status":"closed","ping_status":"closed","sticky":false,"template":"","format":"standard","meta":{"footnotes":""},"categories":[8],"tags":[21],"class_list":["post-19644","post","type-post","status-publish","format-standard","hentry","category-informe-nacional","tag-argentina"],"_links":{"self":[{"href":"http:\/\/argentinamunicipal.com.ar\/argentina\/wp-json\/wp\/v2\/posts\/19644","targetHints":{"allow":["GET"]}}],"collection":[{"href":"http:\/\/argentinamunicipal.com.ar\/argentina\/wp-json\/wp\/v2\/posts"}],"about":[{"href":"http:\/\/argentinamunicipal.com.ar\/argentina\/wp-json\/wp\/v2\/types\/post"}],"author":[{"embeddable":true,"href":"http:\/\/argentinamunicipal.com.ar\/argentina\/wp-json\/wp\/v2\/users\/2"}],"replies":[{"embeddable":true,"href":"http:\/\/argentinamunicipal.com.ar\/argentina\/wp-json\/wp\/v2\/comments?post=19644"}],"version-history":[{"count":0,"href":"http:\/\/argentinamunicipal.com.ar\/argentina\/wp-json\/wp\/v2\/posts\/19644\/revisions"}],"wp:attachment":[{"href":"http:\/\/argentinamunicipal.com.ar\/argentina\/wp-json\/wp\/v2\/media?parent=19644"}],"wp:term":[{"taxonomy":"category","embeddable":true,"href":"http:\/\/argentinamunicipal.com.ar\/argentina\/wp-json\/wp\/v2\/categories?post=19644"},{"taxonomy":"post_tag","embeddable":true,"href":"http:\/\/argentinamunicipal.com.ar\/argentina\/wp-json\/wp\/v2\/tags?post=19644"}],"curies":[{"name":"wp","href":"https:\/\/api.w.org\/{rel}","templated":true}]}}