{"id":19748,"date":"2014-11-23T07:00:10","date_gmt":"2014-11-23T10:00:10","guid":{"rendered":"http:\/\/argentinamunicipal.com.ar\/argentina\/?p=19748"},"modified":"2014-11-21T12:39:40","modified_gmt":"2014-11-21T15:39:40","slug":"concordia-avanza-en-el-proyecto-para-desarrollar-centros-comerciales-cielo-abierto","status":"publish","type":"post","link":"http:\/\/argentinamunicipal.com.ar\/argentina\/concordia-avanza-en-el-proyecto-para-desarrollar-centros-comerciales-cielo-abierto\/","title":{"rendered":"Concordia avanza en el proyecto para desarrollar centros comerciales a cielo abierto"},"content":{"rendered":"<p><a href=\"http:\/\/argentinamunicipal.com.ar\/argentina\/wp-content\/uploads\/2014\/11\/e_1371908804.jpg\"><img loading=\"lazy\" decoding=\"async\" class=\"alignleft size-full wp-image-19749\" src=\"http:\/\/argentinamunicipal.com.ar\/argentina\/wp-content\/uploads\/2014\/11\/e_1371908804.jpg\" alt=\"e_1371908804\" width=\"432\" height=\"324\" srcset=\"http:\/\/argentinamunicipal.com.ar\/argentina\/wp-content\/uploads\/2014\/11\/e_1371908804.jpg 432w, http:\/\/argentinamunicipal.com.ar\/argentina\/wp-content\/uploads\/2014\/11\/e_1371908804-300x225.jpg 300w\" sizes=\"auto, (max-width: 432px) 100vw, 432px\" \/><\/a>El Intendente Bordet explic\u00f3 que se ejecutar\u00e1n estrategias de promoci\u00f3n espec\u00edficas para espacios como la Peatonal, calle Las Heras, Villa Adela o Villa Zorraqu\u00edn. La iniciativa es impulsada por CAME y el Centro de Industria y Comercio.<\/p>\n<p>El intendente Gustavo Bordet firm\u00f3 el convenio para implementar en la ciudad el proyecto que busca jerarquizar las zonas comerciales a cielo abierto, ejecutando estrategias de promoci\u00f3n espec\u00edficas para los espacios como la Peatonal, calle Las Heras, Villa Adela o Villa Zorraqu\u00edn. La propuesta es impulsada por CAME y el Centro de Industria y Comercio, y ya funciona en ciudades como C\u00f3rdoba, Rosario y Buenos Aires.<\/p>\n<p>Junto al director de la Confederaci\u00f3n Argentina de la Mediana Empresa (CAME), Oscar Antonione; al presidente del Centro de Industria, Comercio y Servicios de Concordia (CICS), Diego Lago; y al director de Comercio Interior de la Provincia de Entre R\u00edos, Santiago Escales, el presidente municipal de Concordia, Gustavo Bordet, firm\u00f3 el convenio a trav\u00e9s del que se ejecutar\u00e1 en la ciudad un plan de desarrollo estrat\u00e9gico de las zonas comerciales a cielo abierto, como la Peatonal y calle Las Heras, o los nuevos puntos neur\u00e1lgicos del comercio en Villa Adela y Villa Zorraqu\u00edn.<\/p>\n<p>Bordet explic\u00f3 durante la reuni\u00f3n: \u00abVenimos trabajando desde el comienzo de la gesti\u00f3n para dejar planificadas pol\u00edticas p\u00fablicas que trasciendan nuestra estad\u00eda en el gobierno, y en estas pol\u00edticas tienen que participar las instituciones, por eso celebro este convenio y la iniciativa de CAME, porque es algo concreto para emprender acciones conjuntas entre el sector p\u00fablico y privado\u00bb.<\/p>\n<p>El documento acordado establece que CAME brindar\u00e1 asistencia t\u00e9cnica y capacitaci\u00f3n para contribuir al desarrollo de los Centros Comerciales a Cielo Abierto. El CICS, por su parte, se compromete a gestionar la implementaci\u00f3n y la comunicaci\u00f3n con los empresarios de la ciudad, y tambi\u00e9n a aportar equipamiento y recursos administrativos necesarios. La Municipalidad ser\u00e1 la responsable de la coordinaci\u00f3n del proyecto y de parte de su financiamiento.<\/p>\n<p>La primera etapa del plan contempla conferencias y talleres para empresarios del comercio minorista y la formulaci\u00f3n del plan de desarrollo territorial a partir de un diagn\u00f3stico integral en comunicaci\u00f3n directa con los empresarios.<\/p>\n<p>\u00abEstamos convencidos de que el trabajo en el desarrollo territorial es la mejor iniciativa, estamos dispuestos a acompa\u00f1ar este proyecto, que al tener al sector privado involucrado garantiza que la propuesta avance, m\u00e1s all\u00e1 de nuestra gesti\u00f3n\u00bb, asegur\u00f3 el Intendente.<\/p>\n<p>Junto a \u00e9l, participaron los principales funcionarios a cargo de las \u00e1reas estrat\u00e9gicas involucradas en el proyecto, como el secretario de Gobierno, Juan Orabona; y el de Producci\u00f3n y Trabajo, N\u00e9stor Loggio. Tambi\u00e9n asistieron a la reuni\u00f3n autoridades municipales y concejales que respaldan la propuesta, como las secretarias de Desarrollo Social, Gloria Warner y de Medio Ambiente, Bel\u00e9n Esteves, o el de Salud y Deportes, Mario Imaz.<\/p>\n<p>A su turno, Antonione detall\u00f3 que \u00abla propuesta tiene que ver con urbanismo pero tambi\u00e9n con el modelo de gesti\u00f3n de los comercios. Este modelo a cielo abierto, busca instalar una identidad y una imagen a las zonas, mostrando un comercio competente en una ciudad que recibe turistas y que tiene que mostrar una puerta de entrada atractiva\u00bb.<\/p>\n<p>La experiencia ya se replica en 90 ciudades del pa\u00eds y favorece la econom\u00eda urbana. Los centros a cielo abierto implican mejorar todo el entorno urbano para que la gente, en lugar de ir a comprar algo, salga a pasear y de paso compre. \u00abEsto es transformar las calles en paseos comerciales\u00bb, explicit\u00f3 el representante de la CAME.<\/p>\n<h6>Fuente: El Once<\/h6>\n","protected":false},"excerpt":{"rendered":"<p>El Intendente Bordet explic\u00f3 que se ejecutar\u00e1n estrategias de promoci\u00f3n espec\u00edficas para espacios como la Peatonal, calle Las Heras, Villa Adela o Villa Zorraqu\u00edn. La iniciativa es impulsada por CAME y el Centro de Industria y Comercio. El intendente Gustavo Bordet firm\u00f3 el convenio para implementar en la ciudad el proyecto que busca jerarquizar las<\/p>\n","protected":false},"author":2,"featured_media":19749,"comment_status":"closed","ping_status":"closed","sticky":false,"template":"","format":"standard","meta":{"footnotes":""},"categories":[2],"tags":[17],"class_list":["post-19748","post","type-post","status-publish","format-standard","has-post-thumbnail","hentry","category-informe-municipal","tag-entre-rios"],"_links":{"self":[{"href":"http:\/\/argentinamunicipal.com.ar\/argentina\/wp-json\/wp\/v2\/posts\/19748","targetHints":{"allow":["GET"]}}],"collection":[{"href":"http:\/\/argentinamunicipal.com.ar\/argentina\/wp-json\/wp\/v2\/posts"}],"about":[{"href":"http:\/\/argentinamunicipal.com.ar\/argentina\/wp-json\/wp\/v2\/types\/post"}],"author":[{"embeddable":true,"href":"http:\/\/argentinamunicipal.com.ar\/argentina\/wp-json\/wp\/v2\/users\/2"}],"replies":[{"embeddable":true,"href":"http:\/\/argentinamunicipal.com.ar\/argentina\/wp-json\/wp\/v2\/comments?post=19748"}],"version-history":[{"count":0,"href":"http:\/\/argentinamunicipal.com.ar\/argentina\/wp-json\/wp\/v2\/posts\/19748\/revisions"}],"wp:featuredmedia":[{"embeddable":true,"href":"http:\/\/argentinamunicipal.com.ar\/argentina\/wp-json\/wp\/v2\/media\/19749"}],"wp:attachment":[{"href":"http:\/\/argentinamunicipal.com.ar\/argentina\/wp-json\/wp\/v2\/media?parent=19748"}],"wp:term":[{"taxonomy":"category","embeddable":true,"href":"http:\/\/argentinamunicipal.com.ar\/argentina\/wp-json\/wp\/v2\/categories?post=19748"},{"taxonomy":"post_tag","embeddable":true,"href":"http:\/\/argentinamunicipal.com.ar\/argentina\/wp-json\/wp\/v2\/tags?post=19748"}],"curies":[{"name":"wp","href":"https:\/\/api.w.org\/{rel}","templated":true}]}}