{"id":19760,"date":"2014-11-23T07:00:59","date_gmt":"2014-11-23T10:00:59","guid":{"rendered":"http:\/\/argentinamunicipal.com.ar\/argentina\/?p=19760"},"modified":"2014-11-21T12:57:07","modified_gmt":"2014-11-21T15:57:07","slug":"huertas-propias-en-alto-verde","status":"publish","type":"post","link":"http:\/\/argentinamunicipal.com.ar\/argentina\/huertas-propias-en-alto-verde\/","title":{"rendered":"Huertas propias en Alto Verde"},"content":{"rendered":"<p><a href=\"http:\/\/argentinamunicipal.com.ar\/argentina\/wp-content\/uploads\/2014\/11\/60608_agropecuarias.jpg\"><img loading=\"lazy\" decoding=\"async\" class=\"alignleft size-full wp-image-19761\" src=\"http:\/\/argentinamunicipal.com.ar\/argentina\/wp-content\/uploads\/2014\/11\/60608_agropecuarias.jpg\" alt=\"60608_agropecuarias\" width=\"544\" height=\"293\" srcset=\"http:\/\/argentinamunicipal.com.ar\/argentina\/wp-content\/uploads\/2014\/11\/60608_agropecuarias.jpg 544w, http:\/\/argentinamunicipal.com.ar\/argentina\/wp-content\/uploads\/2014\/11\/60608_agropecuarias-300x161.jpg 300w\" sizes=\"auto, (max-width: 544px) 100vw, 544px\" \/><\/a>Son 18 familias que desarrollan sus huertas. Es fruto de los talleres que realiza un grupo de extensionistas universitarios y la ONG Rizoma todos los s\u00e1bados en la Manzana 7.<\/p>\n<p>Dieciocho familias de Alto Verde ya desarrollan huertas incipientes en sus casas. Es fruto de la capacitaci\u00f3n de la que participan todos los s\u00e1bados en la Manzana 7, donde ya instalaron una huerta modelo que pronto dar\u00e1 plantas madre de futuros plantines para distribuir entre los vecinos.<\/p>\n<p>La iniciativa naci\u00f3 en agosto, y es del grupo de extensi\u00f3n universitaria Conectate con Alto Verde y la Asociaci\u00f3n Civil Rizoma. Ellos realizan las capacitaciones los d\u00edas s\u00e1bados y visitan a los vecinos en sus domicilios, durante la semana, para acompa\u00f1arlos en el desarrollo de sus propias huertas.<\/p>\n<p>Los talleres de los s\u00e1bados por la ma\u00f1ana, tienen dos aristas. Por un lado, la capacitaci\u00f3n en huerta a cargo del licenciado en Edafolog\u00eda Alcides Fabbro, quien ya trabaj\u00f3 en el barrio con otras capacitaciones y conoce estas tierras. Por otro, un espacio de educaci\u00f3n popular a cargo de Mat\u00edas Gonzalvez que trata cuestiones de autoconocimiento y trabajo grupal, que apuntan a desarrollar una conciencia de trabajo colectivo. Eduardo Alfaro, titular de la ONG Rizoma, detall\u00f3 el doble beneficio del proyecto: \u00abLograr un vivero comunitario y un desarrollo de huertas familiares a largo plazo y en forma sostenida\u00bb.<\/p>\n<h3>Sumar apoyo<\/h3>\n<p>El proyecto aspira a facilitar a los vecinos el acceso a alimentos suficientes, saludables y variados, y a los recursos t\u00e9cnicos necesarios para conseguirlos mediante la producci\u00f3n en huertas. Su fruto puede ser utilizados para el autoconsumo o, si la escala lo permite, para comercializar parte de su producci\u00f3n. Pero, por sobre todas las cosas, busca \u00abdesarrollar el trabajo junto a los vecinos, construyendo un sentido de identidad y pertenencia, de trabajo colectivo y solidario que nos permita so\u00f1ar y construir un futuro cada vez mejor\u00bb, seg\u00fan sus fundamentos. Para lograrlo, se plante\u00f3 un per\u00edodo de un a\u00f1o.<\/p>\n<p>Las huertas de Alto Verde ya suman todo tipo de adhesiones. La primera, de las 15 personas que trabajan ad honorem y realizan desde la planificaci\u00f3n y gesti\u00f3n del proyecto a la visita domiciliarias a las familias, que se hace durante la semana. El Proyecto Uno por Uno, Uno m\u00e1s Uno cedi\u00f3 en comodato el predio de la Manzana 7 para el desarrollo de la huerta modelo. Tambi\u00e9n se sum\u00f3 financiamiento de la Subsecretar\u00eda de Econom\u00eda Social de la Provincia y la Direcci\u00f3n de Econom\u00eda Social de la Municipalidad.<br \/>\nLa adhesi\u00f3n principal es la de los vecinos. Alfaro, referente de Rizoma, destac\u00f3 \u00abla grata sorpresa tanto de la convocatoria desde el inicio como del entusiasmo y compromiso con que participan los vecinos\u00bb.<\/p>\n<h6>Fuente: Sin Mordaza<\/h6>\n","protected":false},"excerpt":{"rendered":"<p>Son 18 familias que desarrollan sus huertas. Es fruto de los talleres que realiza un grupo de extensionistas universitarios y la ONG Rizoma todos los s\u00e1bados en la Manzana 7. Dieciocho familias de Alto Verde ya desarrollan huertas incipientes en sus casas. Es fruto de la capacitaci\u00f3n de la que participan todos los s\u00e1bados en<\/p>\n","protected":false},"author":2,"featured_media":19761,"comment_status":"closed","ping_status":"closed","sticky":false,"template":"","format":"standard","meta":{"footnotes":""},"categories":[2],"tags":[10],"class_list":["post-19760","post","type-post","status-publish","format-standard","has-post-thumbnail","hentry","category-informe-municipal","tag-santa-fe"],"_links":{"self":[{"href":"http:\/\/argentinamunicipal.com.ar\/argentina\/wp-json\/wp\/v2\/posts\/19760","targetHints":{"allow":["GET"]}}],"collection":[{"href":"http:\/\/argentinamunicipal.com.ar\/argentina\/wp-json\/wp\/v2\/posts"}],"about":[{"href":"http:\/\/argentinamunicipal.com.ar\/argentina\/wp-json\/wp\/v2\/types\/post"}],"author":[{"embeddable":true,"href":"http:\/\/argentinamunicipal.com.ar\/argentina\/wp-json\/wp\/v2\/users\/2"}],"replies":[{"embeddable":true,"href":"http:\/\/argentinamunicipal.com.ar\/argentina\/wp-json\/wp\/v2\/comments?post=19760"}],"version-history":[{"count":0,"href":"http:\/\/argentinamunicipal.com.ar\/argentina\/wp-json\/wp\/v2\/posts\/19760\/revisions"}],"wp:featuredmedia":[{"embeddable":true,"href":"http:\/\/argentinamunicipal.com.ar\/argentina\/wp-json\/wp\/v2\/media\/19761"}],"wp:attachment":[{"href":"http:\/\/argentinamunicipal.com.ar\/argentina\/wp-json\/wp\/v2\/media?parent=19760"}],"wp:term":[{"taxonomy":"category","embeddable":true,"href":"http:\/\/argentinamunicipal.com.ar\/argentina\/wp-json\/wp\/v2\/categories?post=19760"},{"taxonomy":"post_tag","embeddable":true,"href":"http:\/\/argentinamunicipal.com.ar\/argentina\/wp-json\/wp\/v2\/tags?post=19760"}],"curies":[{"name":"wp","href":"https:\/\/api.w.org\/{rel}","templated":true}]}}