{"id":19767,"date":"2014-11-22T07:12:28","date_gmt":"2014-11-22T10:12:28","guid":{"rendered":"http:\/\/argentinamunicipal.com.ar\/argentina\/?p=19767"},"modified":"2014-11-21T13:16:56","modified_gmt":"2014-11-21T16:16:56","slug":"neuquen-avanzan-las-obras-de-la-estacion-espacial-china","status":"publish","type":"post","link":"http:\/\/argentinamunicipal.com.ar\/argentina\/neuquen-avanzan-las-obras-de-la-estacion-espacial-china\/","title":{"rendered":"Neuqu\u00e9n: Avanzan las obras de la estaci\u00f3n espacial china"},"content":{"rendered":"<p><a href=\"http:\/\/argentinamunicipal.com.ar\/argentina\/wp-content\/uploads\/2014\/11\/546e8dd1a89041.36150753.jpg\"><img loading=\"lazy\" decoding=\"async\" class=\"aligncenter size-full wp-image-19768\" src=\"http:\/\/argentinamunicipal.com.ar\/argentina\/wp-content\/uploads\/2014\/11\/546e8dd1a89041.36150753.jpg\" alt=\"546e8dd1a89041.36150753\" width=\"600\" height=\"420\" srcset=\"http:\/\/argentinamunicipal.com.ar\/argentina\/wp-content\/uploads\/2014\/11\/546e8dd1a89041.36150753.jpg 600w, http:\/\/argentinamunicipal.com.ar\/argentina\/wp-content\/uploads\/2014\/11\/546e8dd1a89041.36150753-300x210.jpg 300w\" sizes=\"auto, (max-width: 600px) 100vw, 600px\" \/><\/a><br \/>\nFuncionarios nacionales y provinciales visitaron el lugar. Aseguran que en febrero o marzo estar\u00e1n terminados los edificios. Se pondr\u00eda en marcha a fines de 2016.<\/p>\n<p>El secretario de Gesti\u00f3n P\u00fablica de la provincia, Rodolfo Laffitte, y el secretario general de la Comisi\u00f3n Nacional de Actividades Espaciales (Conae), F\u00e9lix Menicocci, visitaron ayer la estaci\u00f3n espacial que el gobierno chino construye en Quintuco.<\/p>\n<p>Laffitte inform\u00f3 que se estima que en febrero o marzo del a\u00f1o pr\u00f3ximo est\u00e9n terminados los cuatro edificios y que, luego del equipamiento, la puesta en marcha de la estaci\u00f3n se realice a fines de 2016.<\/p>\n<p>Explic\u00f3: \u201cYa est\u00e1 pr\u00e1cticamente terminado el edificio que va a soportar la antena de comunicaciones, una antena de 35 metros de di\u00e1metro; ya est\u00e1n los materiales de dos de los embarques de la antena, faltan cuatro m\u00e1s; y pr\u00f3ximamente va a empezar el montaje\u201d.<\/p>\n<p>El funcionario indic\u00f3 que ya comenz\u00f3 la construcci\u00f3n de la l\u00ednea de 60 kil\u00f3metros que necesitan para alimentar la estaci\u00f3n, con una inversi\u00f3n de casi 8 millones de d\u00f3lares. Cuando est\u00e9 finalizada, va a pasar a propiedad del Ente Provincial de Energ\u00eda del Neuqu\u00e9n (EPEN), que brindar\u00e1 el servicio el\u00e9ctrico.<\/p>\n<p>Menicocci record\u00f3: \u201cCuando la Rep\u00fablica China estuvo buscando un sitio para alojar su antena para dar apoyo a las misiones satelitales a la Luna y otros cuerpos celestes, Argentina estuvo compitiendo con Chile y dimos un gran apoyo desde la Comisi\u00f3n Nacional de Actividades Espaciales\u201d.<\/p>\n<p>\u201cLo que logramos son acuerdos entre organismos y acuerdos con la Provincia. Ahora estamos en el momento de aprobar ya en el Congreso nacional un acuerdo de cooperaci\u00f3n a nivel de gobiernos que nos va a permitir enmarcar y darle jerarqu\u00eda a los convenios ya firmados, que dieron la posibilidad de llevar adelante el proyecto y darle exenci\u00f3n impositiva a todo el proyecto, que es de cooperaci\u00f3n entre Argentina y China\u201d, a\u00f1adi\u00f3.<\/p>\n<p>La semana pasada la Naci\u00f3n public\u00f3 que el proyecto no se tratar\u00eda este a\u00f1o.<\/p>\n<h6>Fuente: La Ma\u00f1ana Neuqu\u00e9n<\/h6>\n","protected":false},"excerpt":{"rendered":"<p>Funcionarios nacionales y provinciales visitaron el lugar. Aseguran que en febrero o marzo estar\u00e1n terminados los edificios. Se pondr\u00eda en marcha a fines de 2016. El secretario de Gesti\u00f3n P\u00fablica de la provincia, Rodolfo Laffitte, y el secretario general de la Comisi\u00f3n Nacional de Actividades Espaciales (Conae), F\u00e9lix Menicocci, visitaron ayer la estaci\u00f3n espacial que<\/p>\n","protected":false},"author":2,"featured_media":19768,"comment_status":"closed","ping_status":"closed","sticky":false,"template":"","format":"standard","meta":{"footnotes":""},"categories":[2],"tags":[23],"class_list":["post-19767","post","type-post","status-publish","format-standard","has-post-thumbnail","hentry","category-informe-municipal","tag-neuquen"],"_links":{"self":[{"href":"http:\/\/argentinamunicipal.com.ar\/argentina\/wp-json\/wp\/v2\/posts\/19767","targetHints":{"allow":["GET"]}}],"collection":[{"href":"http:\/\/argentinamunicipal.com.ar\/argentina\/wp-json\/wp\/v2\/posts"}],"about":[{"href":"http:\/\/argentinamunicipal.com.ar\/argentina\/wp-json\/wp\/v2\/types\/post"}],"author":[{"embeddable":true,"href":"http:\/\/argentinamunicipal.com.ar\/argentina\/wp-json\/wp\/v2\/users\/2"}],"replies":[{"embeddable":true,"href":"http:\/\/argentinamunicipal.com.ar\/argentina\/wp-json\/wp\/v2\/comments?post=19767"}],"version-history":[{"count":0,"href":"http:\/\/argentinamunicipal.com.ar\/argentina\/wp-json\/wp\/v2\/posts\/19767\/revisions"}],"wp:featuredmedia":[{"embeddable":true,"href":"http:\/\/argentinamunicipal.com.ar\/argentina\/wp-json\/wp\/v2\/media\/19768"}],"wp:attachment":[{"href":"http:\/\/argentinamunicipal.com.ar\/argentina\/wp-json\/wp\/v2\/media?parent=19767"}],"wp:term":[{"taxonomy":"category","embeddable":true,"href":"http:\/\/argentinamunicipal.com.ar\/argentina\/wp-json\/wp\/v2\/categories?post=19767"},{"taxonomy":"post_tag","embeddable":true,"href":"http:\/\/argentinamunicipal.com.ar\/argentina\/wp-json\/wp\/v2\/tags?post=19767"}],"curies":[{"name":"wp","href":"https:\/\/api.w.org\/{rel}","templated":true}]}}