{"id":19817,"date":"2014-11-22T10:34:53","date_gmt":"2014-11-22T13:34:53","guid":{"rendered":"http:\/\/argentinamunicipal.com.ar\/argentina\/?p=19817"},"modified":"2014-11-22T10:34:53","modified_gmt":"2014-11-22T13:34:53","slug":"proponen-crear-un-registro-de-cuidacoches-en-santo-tome","status":"publish","type":"post","link":"http:\/\/argentinamunicipal.com.ar\/argentina\/proponen-crear-un-registro-de-cuidacoches-en-santo-tome\/","title":{"rendered":"Proponen crear un registro de cuidacoches en Santo Tom\u00e9"},"content":{"rendered":"<div id=\"attachment_19818\" style=\"width: 771px\" class=\"wp-caption aligncenter\"><a href=\"http:\/\/argentinamunicipal.com.ar\/argentina\/wp-content\/uploads\/2014\/11\/santotomejmb.jpg_2069580699.jpg\"><img loading=\"lazy\" decoding=\"async\" aria-describedby=\"caption-attachment-19818\" class=\"size-full wp-image-19818\" src=\"http:\/\/argentinamunicipal.com.ar\/argentina\/wp-content\/uploads\/2014\/11\/santotomejmb.jpg_2069580699.jpg\" alt=\"Requisitos. Quienes se inscriban deber\u00e1n presentar certificados de vecindad y de buena conducta, expedidos por la polic\u00eda.\" width=\"761\" height=\"507\" srcset=\"http:\/\/argentinamunicipal.com.ar\/argentina\/wp-content\/uploads\/2014\/11\/santotomejmb.jpg_2069580699.jpg 761w, http:\/\/argentinamunicipal.com.ar\/argentina\/wp-content\/uploads\/2014\/11\/santotomejmb.jpg_2069580699-300x199.jpg 300w\" sizes=\"auto, (max-width: 761px) 100vw, 761px\" \/><\/a><p id=\"caption-attachment-19818\" class=\"wp-caption-text\">Requisitos. Quienes se inscriban deber\u00e1n presentar certificados de vecindad y de buena conducta, expedidos por la polic\u00eda.<\/p><\/div>\n<p>Se podr\u00e1n inscribir mayores de 18 a\u00f1os. Tendr\u00e1n un carn\u00e9 con foto, datos personales, una casaca refractante y la zona en la que desempe\u00f1an sus tareas<\/p>\n<p>La concejala justicialista de Santo Tom\u00e9, Rosana Zamora, acompa\u00f1ada por el edil Juan Manuel Pusineri, present\u00f3 un proyecto de ordenanza, para crear un Registro Municipal de Cuidacoches a cargo de la Direcci\u00f3n de Polic\u00eda Municipal. En los fundamentos de la iniciativa se se\u00f1ala la necesidad de reglamentar la actividad de aquellos que realizan tareas de cuidado de autom\u00f3viles y motocicletas en esa ciudad a cambio de una contribuci\u00f3n voluntaria.<\/p>\n<p>La concejala expres\u00f3 en un comunicado que, \u201cseg\u00fan vecinos, algunos de los cuidacoches de esa ciudad no ejecutan su actividad con la responsabilidad que la misma amerita, agrediendo verbalmente a los conductores por exigencia de pago, bajo la aparente acci\u00f3n de alguna bebida espirituosa o sustancia adictiva, mediante palabras soeces, principalmente, a mujeres que conducen sus veh\u00edculos\u201d.<\/p>\n<p>\u201cLos conductores santotomesinos y\/o eventuales turistas, que utilizan las d\u00e1rsenas y\/o lugares habilitados para el estacionamiento, necesitan que las personas que ejecutan la tarea de cuidacoches est\u00e9n claramente identificados. Por ello, es importante el dictado de una norma pertinente para regular la actividad a los fines de llevar tranquilidad a quienes estacionan en la v\u00eda p\u00fablica\u201d, a\u00f1adi\u00f3.<\/p>\n<p>Adem\u00e1s, en la iniciativa legislativa, se define a los cuidacoches, \u201ccomo aquellas personas que voluntariamente se ofrecen a prestar dichos servicios en el radio del microcentro de esa ciudad, revistiendo una actividad informal y sin mantener ning\u00fan tipo de relaci\u00f3n laboral ni contractual con el municipio ni con los ciudadanos que se los requieran\u201d.<\/p>\n<p>Los requisitos para inscribirse son: ser mayores de 18 a\u00f1os, presentar un formulario con los datos particulares, seg\u00fan la reglamentaci\u00f3n que oportunamente se dicte, y certificados de vecindad y de buena conducta expedidos por la polic\u00eda.<\/p>\n<p>La contribuci\u00f3n que los cuidacoches perciban ser\u00e1 estrictamente voluntaria y, al presentarse ante los ciudadanos, deber\u00e1n estar registrados e identificados mediante una credencial y una casaca, que otorgar\u00e1 la Direcci\u00f3n de Polic\u00eda Municipal, luego de ser inscripto en el registro.<br \/>\nLa credencial deber\u00e1 contener foto, n\u00famero de registro y datos personales del cuidacoches, como tambi\u00e9n la zona en que desempe\u00f1ar\u00e1 habitualmente su actividad.<\/p>\n<p>La casaca ser\u00e1 refractante, con una inscripci\u00f3n visible, que comunique el car\u00e1cter de voluntario que tiene la contribuci\u00f3n. Tanto el tr\u00e1mite de registro como las identificaciones ser\u00e1n gratuitos para el interesado.<\/p>\n<p>La inscripci\u00f3n de los cuidacoches en el registro y la obtenci\u00f3n de sus identificaciones, no implicar\u00e1 exclusividad del mismo sobre determinadas cuadras o zonas de la ciudad.<\/p>\n<p>Cualquier contravenci\u00f3n del cuidacoches a esta norma y\/o comportamiento abusivo del mismo, podr\u00e1 ser informado por la ciudadan\u00eda a la Direcci\u00f3n de Polic\u00eda Municipal y, de acuerdo a la gravedad y reincidencia, y previa comprobaci\u00f3n del hecho se determinar\u00e1 la suspensi\u00f3n o el retiro definitivo del registro; oblig\u00e1ndose dicha Direcci\u00f3n a formalizar las denuncias policiales y\/o judiciales correspondientes. Luego de sancionada y promulgada, el municipio deber\u00e1 realizar una campa\u00f1a de difusi\u00f3n.<\/p>\n<h6>Fuente: Uno, Santa Fe<\/h6>\n","protected":false},"excerpt":{"rendered":"<p>Se podr\u00e1n inscribir mayores de 18 a\u00f1os. Tendr\u00e1n un carn\u00e9 con foto, datos personales, una casaca refractante y la zona en la que desempe\u00f1an sus tareas La concejala justicialista de Santo Tom\u00e9, Rosana Zamora, acompa\u00f1ada por el edil Juan Manuel Pusineri, present\u00f3 un proyecto de ordenanza, para crear un Registro Municipal de Cuidacoches a cargo<\/p>\n","protected":false},"author":2,"featured_media":19818,"comment_status":"closed","ping_status":"closed","sticky":false,"template":"","format":"standard","meta":{"footnotes":""},"categories":[2],"tags":[10],"class_list":["post-19817","post","type-post","status-publish","format-standard","has-post-thumbnail","hentry","category-informe-municipal","tag-santa-fe"],"_links":{"self":[{"href":"http:\/\/argentinamunicipal.com.ar\/argentina\/wp-json\/wp\/v2\/posts\/19817","targetHints":{"allow":["GET"]}}],"collection":[{"href":"http:\/\/argentinamunicipal.com.ar\/argentina\/wp-json\/wp\/v2\/posts"}],"about":[{"href":"http:\/\/argentinamunicipal.com.ar\/argentina\/wp-json\/wp\/v2\/types\/post"}],"author":[{"embeddable":true,"href":"http:\/\/argentinamunicipal.com.ar\/argentina\/wp-json\/wp\/v2\/users\/2"}],"replies":[{"embeddable":true,"href":"http:\/\/argentinamunicipal.com.ar\/argentina\/wp-json\/wp\/v2\/comments?post=19817"}],"version-history":[{"count":0,"href":"http:\/\/argentinamunicipal.com.ar\/argentina\/wp-json\/wp\/v2\/posts\/19817\/revisions"}],"wp:featuredmedia":[{"embeddable":true,"href":"http:\/\/argentinamunicipal.com.ar\/argentina\/wp-json\/wp\/v2\/media\/19818"}],"wp:attachment":[{"href":"http:\/\/argentinamunicipal.com.ar\/argentina\/wp-json\/wp\/v2\/media?parent=19817"}],"wp:term":[{"taxonomy":"category","embeddable":true,"href":"http:\/\/argentinamunicipal.com.ar\/argentina\/wp-json\/wp\/v2\/categories?post=19817"},{"taxonomy":"post_tag","embeddable":true,"href":"http:\/\/argentinamunicipal.com.ar\/argentina\/wp-json\/wp\/v2\/tags?post=19817"}],"curies":[{"name":"wp","href":"https:\/\/api.w.org\/{rel}","templated":true}]}}