{"id":19835,"date":"2014-11-22T10:58:59","date_gmt":"2014-11-22T13:58:59","guid":{"rendered":"http:\/\/argentinamunicipal.com.ar\/argentina\/?p=19835"},"modified":"2014-11-22T11:31:53","modified_gmt":"2014-11-22T14:31:53","slug":"la-cumbre-de-los-presidentes-movilizaria-6-500-personas","status":"publish","type":"post","link":"http:\/\/argentinamunicipal.com.ar\/argentina\/la-cumbre-de-los-presidentes-movilizaria-6-500-personas\/","title":{"rendered":"La Cumbre de los presidentes en Paran\u00e1 movilizar\u00eda a 6.500 personas"},"content":{"rendered":"<div id=\"attachment_19836\" style=\"width: 667px\" class=\"wp-caption aligncenter\"><a href=\"http:\/\/argentinamunicipal.com.ar\/argentina\/wp-content\/uploads\/2014\/11\/03_foto1.jpg_2069580699.jpg\"><img loading=\"lazy\" decoding=\"async\" aria-describedby=\"caption-attachment-19836\" class=\" wp-image-19836\" src=\"http:\/\/argentinamunicipal.com.ar\/argentina\/wp-content\/uploads\/2014\/11\/03_foto1.jpg_2069580699.jpg\" alt=\"Elegidos. El Mayorazgo, el Gran Hotel Paran\u00e1, el Maran y el Plaza Jard\u00edn, los hoteles que recibir\u00e1n delegaciones.\" width=\"657\" height=\"438\" srcset=\"http:\/\/argentinamunicipal.com.ar\/argentina\/wp-content\/uploads\/2014\/11\/03_foto1.jpg_2069580699.jpg 761w, http:\/\/argentinamunicipal.com.ar\/argentina\/wp-content\/uploads\/2014\/11\/03_foto1.jpg_2069580699-300x199.jpg 300w\" sizes=\"auto, (max-width: 657px) 100vw, 657px\" \/><\/a><p id=\"caption-attachment-19836\" class=\"wp-caption-text\">Elegidos. El Mayorazgo, el Gran Hotel Paran\u00e1, el Maran y el Plaza Jard\u00edn, los hoteles que recibir\u00e1n delegaciones.<\/p><\/div>\n<p>Desde el sector hotelero y gastron\u00f3mico calculan que ese ser\u00e1 el movimiento durante los d\u00edas del encuentro. Conf\u00edan en que dar\u00e1n respuesta con creces a la demanda de las delegaciones.<\/p>\n<p>El sector hotelero y gastron\u00f3mico de Paran\u00e1 trabaja a contrarreloj con miras a uno de los eventos m\u00e1s significativos que tendr\u00e1 como sede a la capital entrerriana: la Cumbre del Mercosur, que se realizar\u00e1 entre el 14 y el 18 de diciembre, aunque por la organizaci\u00f3n y log\u00edstica que demandar\u00e1 su puesta en escena ya se vive en una zona que ser\u00e1 delimitada especialmente para la ocasi\u00f3n. \u201cLa ciudad recibir\u00e1 entre 6.500 y 7.000 personas\u201d, confi\u00f3 el vicepresidente de la Asociaci\u00f3n Empresaria Hotelera y Gastron\u00f3mica de Paran\u00e1 y coordinador de la Regi\u00f3n NEA Litoral de la Federaci\u00f3n Empresaria Hotelera Gastron\u00f3mica de la Rep\u00fablica Argentina (Fehgra), Marcelo Barsuglia. En representaci\u00f3n del sector destac\u00f3 el trabajo coordinado que se realiza con la Municipalidad de Paran\u00e1, en mejorar la calidad de la hoteler\u00eda y la gastronom\u00eda de la capital provincial.<\/p>\n<p>Si bien son muchos los aspectos que se deber\u00e1n tener en cuenta, el empresario pidi\u00f3 a los proveedores \u201ctomar los recaudos necesarios para abastecer a la ciudad\u201d. Consider\u00f3 que durante los d\u00edas del evento habr\u00e1 una importante demanda de \u201ccombustible, alimentos, insumos\u201d, entre otros elementos de primera necesidad. Barsuglia revel\u00f3 que las delegaciones visitantes se alojar\u00e1n en los hoteles Howard Jhonson Mayorazgo, Maran Suites and Towers, Paran\u00e1 Hotel Plaza Jard\u00edn y el Gran Hotel Paran\u00e1. Solamente el Mayorazgo reviste la categor\u00eda cinco estrellas, mientras que los dem\u00e1s ofrecen entre tres y cuatro estrellas. \u201cAdem\u00e1s se ocupar\u00e1n el resto de las plazas hoteleras; en un radio de 50 kil\u00f3metros estar\u00e1 todo colmado. En ese caso se puede nombrar a localidades como Crespo y tambi\u00e9n la hoteler\u00eda de Santa Fe\u201d, precis\u00f3.<\/p>\n<h3>Relevamiento<\/h3>\n<p>A casi tres semanas de su realizaci\u00f3n, la Cumbre obligar\u00e1 a no dejar detalle librado al azar. En materia de alojamiento, la Municipalidad, la Provincia y personal de Canciller\u00eda, recorrieron los hoteles para elaborar un relevamiento que incluy\u00f3 datos y filmaciones de los establecimientos. Algunos emprendimientos decidieron renovar sus habitaciones, pero seg\u00fan reconoci\u00f3 Barsuglia \u201cno hubo exigencias en particular\u201d.<\/p>\n<p>\u201cLos hoteles est\u00e1n preparados para este tipo de demanda, porque durante los fines de semana largos se trabaja de la misma forma\u201d, afirm\u00f3 el dirigente. Para demostrar que el sector estar\u00e1 en sinton\u00eda con la magnitud del evento, para el que ya confirmaron su presencia nueve presidentes, Barsuglia traz\u00f3 una comparaci\u00f3n con la Fiesta de Disfraces. \u201cEstamos acostumbrados a recibir la Fiesta de Disfraces, donde alrededor de 12.000 personas ocupan plazas hoteleras. En la Cumbre estaremos hablando de una cifra inferior\u201d, acot\u00f3. Al momento de medir el impacto econ\u00f3mico de la Cumbre prefiri\u00f3 mostrarse cauto, pero desliz\u00f3 que \u201csi todo sale bien, Paran\u00e1 se va a reflejar en todo el mundo, como lo hicieron pocas ciudades: Puerto Madryn, Bariloche, San Juan y Mar del Plata\u201d.<\/p>\n<p>M\u00e1s all\u00e1 de que ya se definieron ciertas pautas de trabajo, en lo que respecta a la gastronom\u00eda, el dirigente estim\u00f3 que se reforzar\u00e1 la cantidad de personal abocado a la atenci\u00f3n de las delegaciones que participar\u00e1n del encuentro. Por \u00faltimo valor\u00f3 que \u201cParan\u00e1 se va a posicionar en un sitial de importancia y se va a demostrar que estamos preparados ante el mundo\u201d.<\/p>\n<h3>Cumbre y beneficios, seg\u00fan lectores<\/h3>\n<p>Los lectores del sitio www.unoentrerios.com.ar dieron su veredicto en la encuesta semanal sobre los beneficios que tendr\u00e1 la realizaci\u00f3n de la Cumbre del Mercosur en Paran\u00e1.<\/p>\n<p>En cuatro d\u00edas de votaci\u00f3n, un total de 356 participantes, por amplia mayor\u00eda (61,5%) dijeron que el encuentro de presidentes no ser\u00e1 positivo para la ciudad, aunque en esta modalidad de sondeo solamente pudieron opinar por s\u00ed o por no. Por lo que no se pudieron conocer mayores precisiones de su evaluaci\u00f3n.<\/p>\n<p>Por contrapartida, un 38,5% de cibernautas, sostuvieron que este hecho pol\u00edtico y social significar\u00e1 un plus para la capital entrerriana. A favor o en contra, todos pudieron participar dejando su parecer sobre un hecho que dejar\u00e1 una huella en la historia entrerriana.<\/p>\n<h6>Fuente: Uno, Entre R\u00edos<\/h6>\n","protected":false},"excerpt":{"rendered":"<p>Desde el sector hotelero y gastron\u00f3mico calculan que ese ser\u00e1 el movimiento durante los d\u00edas del encuentro. Conf\u00edan en que dar\u00e1n respuesta con creces a la demanda de las delegaciones. El sector hotelero y gastron\u00f3mico de Paran\u00e1 trabaja a contrarreloj con miras a uno de los eventos m\u00e1s significativos que tendr\u00e1 como sede a la<\/p>\n","protected":false},"author":2,"featured_media":19836,"comment_status":"closed","ping_status":"closed","sticky":false,"template":"","format":"standard","meta":{"footnotes":""},"categories":[2],"tags":[17],"class_list":["post-19835","post","type-post","status-publish","format-standard","has-post-thumbnail","hentry","category-informe-municipal","tag-entre-rios"],"_links":{"self":[{"href":"http:\/\/argentinamunicipal.com.ar\/argentina\/wp-json\/wp\/v2\/posts\/19835","targetHints":{"allow":["GET"]}}],"collection":[{"href":"http:\/\/argentinamunicipal.com.ar\/argentina\/wp-json\/wp\/v2\/posts"}],"about":[{"href":"http:\/\/argentinamunicipal.com.ar\/argentina\/wp-json\/wp\/v2\/types\/post"}],"author":[{"embeddable":true,"href":"http:\/\/argentinamunicipal.com.ar\/argentina\/wp-json\/wp\/v2\/users\/2"}],"replies":[{"embeddable":true,"href":"http:\/\/argentinamunicipal.com.ar\/argentina\/wp-json\/wp\/v2\/comments?post=19835"}],"version-history":[{"count":0,"href":"http:\/\/argentinamunicipal.com.ar\/argentina\/wp-json\/wp\/v2\/posts\/19835\/revisions"}],"wp:featuredmedia":[{"embeddable":true,"href":"http:\/\/argentinamunicipal.com.ar\/argentina\/wp-json\/wp\/v2\/media\/19836"}],"wp:attachment":[{"href":"http:\/\/argentinamunicipal.com.ar\/argentina\/wp-json\/wp\/v2\/media?parent=19835"}],"wp:term":[{"taxonomy":"category","embeddable":true,"href":"http:\/\/argentinamunicipal.com.ar\/argentina\/wp-json\/wp\/v2\/categories?post=19835"},{"taxonomy":"post_tag","embeddable":true,"href":"http:\/\/argentinamunicipal.com.ar\/argentina\/wp-json\/wp\/v2\/tags?post=19835"}],"curies":[{"name":"wp","href":"https:\/\/api.w.org\/{rel}","templated":true}]}}