{"id":19847,"date":"2014-11-22T17:17:38","date_gmt":"2014-11-22T20:17:38","guid":{"rendered":"http:\/\/argentinamunicipal.com.ar\/argentina\/?p=19847"},"modified":"2014-11-22T11:21:46","modified_gmt":"2014-11-22T14:21:46","slug":"destacan-la-educacion-superior-de-argentina-como-la-mas-inclusiva-de-la-region","status":"publish","type":"post","link":"http:\/\/argentinamunicipal.com.ar\/argentina\/destacan-la-educacion-superior-de-argentina-como-la-mas-inclusiva-de-la-region\/","title":{"rendered":"Destacan la educaci\u00f3n superior de Argentina como la m\u00e1s inclusiva de la regi\u00f3n"},"content":{"rendered":"<p><a href=\"http:\/\/argentinamunicipal.com.ar\/argentina\/wp-content\/uploads\/2014\/11\/foto-5676.jpeg\"><img loading=\"lazy\" decoding=\"async\" class=\"aligncenter size-full wp-image-19848\" src=\"http:\/\/argentinamunicipal.com.ar\/argentina\/wp-content\/uploads\/2014\/11\/foto-5676.jpeg\" alt=\"foto-5676\" width=\"660\" height=\"421\" srcset=\"http:\/\/argentinamunicipal.com.ar\/argentina\/wp-content\/uploads\/2014\/11\/foto-5676.jpeg 660w, http:\/\/argentinamunicipal.com.ar\/argentina\/wp-content\/uploads\/2014\/11\/foto-5676-300x191.jpeg 300w\" sizes=\"auto, (max-width: 660px) 100vw, 660px\" \/><\/a><br \/>\nEl ex presidente del CIN destac\u00f3 el rol de las universidades argentinas y abog\u00f3 por intensificar el ingreso universal a la educaci\u00f3n superior. Fue designado Visitante ilustre de la UNT junto al secretario general de la FATUN.<\/p>\n<p>La UNT distingui\u00f3 ayer como Visitantes Ilustres al ex presidente del Consejo Interuniversitario Nacional (CIN) y ex rector de la Universidad de Cuyo, Arturo Somoza, y al secretario general de la Federaci\u00f3n Argentina de Trabajadores de Universidades Nacionales (FATUN), Nelso Farina.<\/p>\n<p>El acto tuvo lugar en el Centro Cultural Virla, oportunidad en la que Somoza expuso sobre \u201cEl Modelo de la Universidad P\u00fablica Argentina en el Proyecto Nacional y Latinoamericano\u201d y Farina sobre el \u201cRol del No Docente en las Universidades\u201d.<\/p>\n<p>La ceremonia estuvo presidida por la rectora, Alicia Bard\u00f3n y el vicerrector, Jos\u00e9 Garc\u00eda acompa\u00f1ados por el secretario general de la Asociaci\u00f3n del Personal de la UNT, \u00c1ngel Morales. En la oportunidad, Somoza expuso en torno a la Reforma del 18, la gratuidad de la ense\u00f1anza universitaria establecida por Per\u00f3n y la pol\u00edtica inclusiva actual en materia educativa.<\/p>\n<p>El ex presidente del CIN afirm\u00f3 que \u201cla Universidad Argentina se convirti\u00f3 en referente en Latinoam\u00e9rica desde la reforma del 18 y m\u00e1s tarde por el decreto de gratuidad de la ense\u00f1anza universitaria del general Per\u00f3n\u201d. Aport\u00f3 cifras que posicionan a la educaci\u00f3n universitaria p\u00fablica y gratuita argentina como una de las m\u00e1s inclusivas de Latinoam\u00e9rica con un 79% del total de la matr\u00edcula universitaria, en tanto que Brasil tiene una matr\u00edcula p\u00fablica de un 27% y Chile de un 16%.<\/p>\n<p>El ex rector manifest\u00f3 que, si bien se avanz\u00f3 en inclusi\u00f3n educativa en los \u00faltimos a\u00f1os a partir de la obligatoriedad de la ense\u00f1anza secundaria, es necesario intensificar el ingreso universal a la educaci\u00f3n superior, \u201cpasando de la teor\u00eda a la pr\u00e1ctica\u201d, resumi\u00f3.<\/p>\n<p>Tambi\u00e9n se refiri\u00f3 al proceso de reforma estatutaria que atraviesa la UNT teniendo en cuenta que la Universidad de Cuyo transit\u00f3 un momento similar el a\u00f1o anterior. Sostuvo que el pilar de toda reforma universitaria debe ser su misi\u00f3n. \u201cIncorporamos a nuestra misi\u00f3n (UNCUYO) el paradigma de la conferencia de Cartagena de Indias, de 2008, que plante\u00f3 la educaci\u00f3n como un bien social, un bien p\u00fablico, un derecho humano y una obligaci\u00f3n del Estado\u201d, subray\u00f3.<\/p>\n<p>Asegur\u00f3, adem\u00e1s, que no hay reforma \u201cest\u00e1ndar\u201d, sino que cada universidad tiene la suya y que \u201cdebe responder, en t\u00e9rminos generales, a la sociedad que la contiene y le aporta para que siga siendo p\u00fablica a trav\u00e9s del pago de impuestos\u201d.<\/p>\n<p>Por su parte, la rectora se\u00f1al\u00f3 que la charla de fue para conmemorar el aniversario del decreto de gratuidad de la ense\u00f1anza universitaria \u201cy por eso invitamos al ex presidente del CIN para que cuente los procesos que llevaron a la incorporaci\u00f3n masiva de j\u00f3venes a la Universidad\u201d. Con respecto a Farina consider\u00f3 que es \u201cun luchador de la calidad universitaria desde la trinchera de secretario general de la FATUN\u201d.<\/p>\n<p>Precisamente, Farina expuso sobre los adelantos que tuvieron los trabajadores universitarios en los \u00faltimos a\u00f1os y asegur\u00f3: \u201cavanzamos en capacitaci\u00f3n y estamos cerca de graduarnos en niveles universitarios y, as\u00ed, podremos llegar a ocupar lugares de conducci\u00f3n \u201c, reflexion\u00f3.<\/p>\n<p>En tanto el secretario de APUNT adelant\u00f3 que lograron un acuerdo con las autoridades de la UNT y con la Secretar\u00eda de Pol\u00edticas Universitarias (SPU) para que 200 trabajadores no docentes, que tienen car\u00e1cter de contratados, puedan pasar a integrar la planta permanente de la Casa de Altos Estudios, mediante un proceso gradual.<\/p>\n<h6>Fuente: Tucum\u00e1n Hoy<\/h6>\n","protected":false},"excerpt":{"rendered":"<p>El ex presidente del CIN destac\u00f3 el rol de las universidades argentinas y abog\u00f3 por intensificar el ingreso universal a la educaci\u00f3n superior. Fue designado Visitante ilustre de la UNT junto al secretario general de la FATUN. La UNT distingui\u00f3 ayer como Visitantes Ilustres al ex presidente del Consejo Interuniversitario Nacional (CIN) y ex rector<\/p>\n","protected":false},"author":2,"featured_media":19848,"comment_status":"closed","ping_status":"closed","sticky":false,"template":"","format":"standard","meta":{"footnotes":""},"categories":[8],"tags":[21],"class_list":["post-19847","post","type-post","status-publish","format-standard","has-post-thumbnail","hentry","category-informe-nacional","tag-argentina"],"_links":{"self":[{"href":"http:\/\/argentinamunicipal.com.ar\/argentina\/wp-json\/wp\/v2\/posts\/19847","targetHints":{"allow":["GET"]}}],"collection":[{"href":"http:\/\/argentinamunicipal.com.ar\/argentina\/wp-json\/wp\/v2\/posts"}],"about":[{"href":"http:\/\/argentinamunicipal.com.ar\/argentina\/wp-json\/wp\/v2\/types\/post"}],"author":[{"embeddable":true,"href":"http:\/\/argentinamunicipal.com.ar\/argentina\/wp-json\/wp\/v2\/users\/2"}],"replies":[{"embeddable":true,"href":"http:\/\/argentinamunicipal.com.ar\/argentina\/wp-json\/wp\/v2\/comments?post=19847"}],"version-history":[{"count":0,"href":"http:\/\/argentinamunicipal.com.ar\/argentina\/wp-json\/wp\/v2\/posts\/19847\/revisions"}],"wp:featuredmedia":[{"embeddable":true,"href":"http:\/\/argentinamunicipal.com.ar\/argentina\/wp-json\/wp\/v2\/media\/19848"}],"wp:attachment":[{"href":"http:\/\/argentinamunicipal.com.ar\/argentina\/wp-json\/wp\/v2\/media?parent=19847"}],"wp:term":[{"taxonomy":"category","embeddable":true,"href":"http:\/\/argentinamunicipal.com.ar\/argentina\/wp-json\/wp\/v2\/categories?post=19847"},{"taxonomy":"post_tag","embeddable":true,"href":"http:\/\/argentinamunicipal.com.ar\/argentina\/wp-json\/wp\/v2\/tags?post=19847"}],"curies":[{"name":"wp","href":"https:\/\/api.w.org\/{rel}","templated":true}]}}