{"id":19890,"date":"2014-11-25T08:57:12","date_gmt":"2014-11-25T11:57:12","guid":{"rendered":"http:\/\/argentinamunicipal.com.ar\/argentina\/?p=19890"},"modified":"2014-11-25T08:57:12","modified_gmt":"2014-11-25T11:57:12","slug":"fin-de-semana-largo-en-entre-rios-se-registro-un-95-de-ocupacion-hotelera","status":"publish","type":"post","link":"http:\/\/argentinamunicipal.com.ar\/argentina\/fin-de-semana-largo-en-entre-rios-se-registro-un-95-de-ocupacion-hotelera\/","title":{"rendered":"Fin de semana largo en Entre R\u00edos :\u00a0Se registr\u00f3 un 95% de ocupaci\u00f3n hotelera"},"content":{"rendered":"<div id=\"attachment_19891\" style=\"width: 771px\" class=\"wp-caption aligncenter\"><a href=\"http:\/\/argentinamunicipal.com.ar\/argentina\/wp-content\/uploads\/2014\/11\/asado.jpg_2069580699.jpg\"><img loading=\"lazy\" decoding=\"async\" aria-describedby=\"caption-attachment-19891\" class=\"size-full wp-image-19891\" src=\"http:\/\/argentinamunicipal.com.ar\/argentina\/wp-content\/uploads\/2014\/11\/asado.jpg_2069580699.jpg\" alt=\"Foto: Fiesta Nacional del Asado con Cuero, Viale\" width=\"761\" height=\"507\" srcset=\"http:\/\/argentinamunicipal.com.ar\/argentina\/wp-content\/uploads\/2014\/11\/asado.jpg_2069580699.jpg 761w, http:\/\/argentinamunicipal.com.ar\/argentina\/wp-content\/uploads\/2014\/11\/asado.jpg_2069580699-300x199.jpg 300w\" sizes=\"auto, (max-width: 761px) 100vw, 761px\" \/><\/a><p id=\"caption-attachment-19891\" class=\"wp-caption-text\">Foto: Fiesta Nacional del Asado con Cuero, Viale<\/p><\/div>\n<p>Las termas son los destinos m\u00e1s elegidos. Tambi\u00e9n registraron mucha concurrencias la Fiesta del Asado con Cuero, entre otras fiestas.<\/p>\n<p>Miles de turistas llegaron a los distintos destinos de la provincia para descansar y disfrutar del fin de semana largo por el feriado que conmemora el D\u00eda de la Soberan\u00eda Nacional.<\/p>\n<p>Las termas fueron los destinos m\u00e1s elegidos con 95% de ocupaci\u00f3n, en la mayor\u00eda de las ciudades tur\u00edsticas de la provincia.<\/p>\n<p>El ministro de Turismo de la provincia, Hugo Mars\u00f3, destac\u00f3 el continuo crecimiento de los porcentajes de visitantes a nuestra provincia.<\/p>\n<p><strong>Fiesta Nacional del Asado con Cuero en Viale<\/strong><\/p>\n<p>En Viale, la Fiesta Nacional del Asado con Cuero, integrante del calendario principal del pa\u00eds, cont\u00f3 con miles de visitantes que recorrieron los diversos stand, disfrutaron del tradicional asado y vieron los concursos de los asadores. Este encuentro se inici\u00f3 el jueves y cont\u00f3 con diversos medios de comunicaci\u00f3n, competencias, artistas de la regi\u00f3n en el escenario de la fiesta y cerrando con el show de Kapanga.<\/p>\n<p><strong>XXXI Fiesta provincial de carrozas n\u00e1uticas en Villa Paranacito<\/strong><\/p>\n<p>Una fiesta al borde del r\u00edo que tuvo su primera presentaci\u00f3n en el a\u00f1o 1981, con \u00abKon Tiki, llega al Delta\u00bb, se utilizaron troncos de ceibo, ramas de sauce, pajas, totora, etc. Con el objetivo de dar uso de lo que la naturaleza ofrec\u00eda, sin efectuar gastos, fue trasladada con un motor fuera de borda escondido entre los troncos. Este a\u00f1o se realiz\u00f3 una nueva edici\u00f3n, llevada a cabo este feriado, con un gran marco de p\u00fablico y proponiendo un excelente show. Visitantes de Z\u00e1rate, Buenos Aires y Rosario, colmaron la capacidad hotelera.<\/p>\n<p><strong>Fiesta del asado y la galleta en Gualeguay<\/strong><\/p>\n<p>Se llev\u00f3 a cabo con diversos eventos en la Costanera de Gualeguay, juegos de destreza criolla, pe\u00f1as y asado en las cuatro carpas instaladas en el predio; adem\u00e1s de un desfile tradicionalista con la participaci\u00f3n de m\u00e1s de 20 agrupaciones gauchas. Se realiz\u00f3 tambi\u00e9n la elecci\u00f3n de la Galleta de Oro y Reina de la Fiesta, y cerrando la fiesta, la presentaci\u00f3n del \u201cChaque\u00f1o Palavecino\u201d.<\/p>\n<h6>Fuente: Uno, Entre R\u00edos<\/h6>\n","protected":false},"excerpt":{"rendered":"<p>Las termas son los destinos m\u00e1s elegidos. Tambi\u00e9n registraron mucha concurrencias la Fiesta del Asado con Cuero, entre otras fiestas. Miles de turistas llegaron a los distintos destinos de la provincia para descansar y disfrutar del fin de semana largo por el feriado que conmemora el D\u00eda de la Soberan\u00eda Nacional. Las termas fueron los<\/p>\n","protected":false},"author":2,"featured_media":19891,"comment_status":"closed","ping_status":"closed","sticky":false,"template":"","format":"standard","meta":{"footnotes":""},"categories":[2],"tags":[17],"class_list":["post-19890","post","type-post","status-publish","format-standard","has-post-thumbnail","hentry","category-informe-municipal","tag-entre-rios"],"_links":{"self":[{"href":"http:\/\/argentinamunicipal.com.ar\/argentina\/wp-json\/wp\/v2\/posts\/19890","targetHints":{"allow":["GET"]}}],"collection":[{"href":"http:\/\/argentinamunicipal.com.ar\/argentina\/wp-json\/wp\/v2\/posts"}],"about":[{"href":"http:\/\/argentinamunicipal.com.ar\/argentina\/wp-json\/wp\/v2\/types\/post"}],"author":[{"embeddable":true,"href":"http:\/\/argentinamunicipal.com.ar\/argentina\/wp-json\/wp\/v2\/users\/2"}],"replies":[{"embeddable":true,"href":"http:\/\/argentinamunicipal.com.ar\/argentina\/wp-json\/wp\/v2\/comments?post=19890"}],"version-history":[{"count":0,"href":"http:\/\/argentinamunicipal.com.ar\/argentina\/wp-json\/wp\/v2\/posts\/19890\/revisions"}],"wp:featuredmedia":[{"embeddable":true,"href":"http:\/\/argentinamunicipal.com.ar\/argentina\/wp-json\/wp\/v2\/media\/19891"}],"wp:attachment":[{"href":"http:\/\/argentinamunicipal.com.ar\/argentina\/wp-json\/wp\/v2\/media?parent=19890"}],"wp:term":[{"taxonomy":"category","embeddable":true,"href":"http:\/\/argentinamunicipal.com.ar\/argentina\/wp-json\/wp\/v2\/categories?post=19890"},{"taxonomy":"post_tag","embeddable":true,"href":"http:\/\/argentinamunicipal.com.ar\/argentina\/wp-json\/wp\/v2\/tags?post=19890"}],"curies":[{"name":"wp","href":"https:\/\/api.w.org\/{rel}","templated":true}]}}