{"id":19896,"date":"2014-11-25T09:02:32","date_gmt":"2014-11-25T12:02:32","guid":{"rendered":"http:\/\/argentinamunicipal.com.ar\/argentina\/?p=19896"},"modified":"2014-11-25T09:02:32","modified_gmt":"2014-11-25T12:02:32","slug":"toay-inauguro-su-radio-municipal","status":"publish","type":"post","link":"http:\/\/argentinamunicipal.com.ar\/argentina\/toay-inauguro-su-radio-municipal\/","title":{"rendered":"Toay inaugur\u00f3 su radio municipal"},"content":{"rendered":"<p><a href=\"http:\/\/argentinamunicipal.com.ar\/argentina\/wp-content\/uploads\/2014\/11\/radio.jpg\"><img loading=\"lazy\" decoding=\"async\" class=\"aligncenter size-full wp-image-19897\" src=\"http:\/\/argentinamunicipal.com.ar\/argentina\/wp-content\/uploads\/2014\/11\/radio.jpg\" alt=\"radio\" width=\"650\" height=\"409\" srcset=\"http:\/\/argentinamunicipal.com.ar\/argentina\/wp-content\/uploads\/2014\/11\/radio.jpg 650w, http:\/\/argentinamunicipal.com.ar\/argentina\/wp-content\/uploads\/2014\/11\/radio-300x188.jpg 300w\" sizes=\"auto, (max-width: 650px) 100vw, 650px\" \/><\/a><br \/>\nLa FM Municipal, que ven\u00eda emitiendo en modo de prueba en el 94.3 del dial, qued\u00f3 habilitada oficialmente. Funcionar\u00e1 en un predio cedido por el Ej\u00e9rcito Argentino.<\/p>\n<p>La Municipalidad de Toay inaugur\u00f3 oficialmente la Radio Municipal, que transmitir\u00e1 en la frecuencia de 94.3 Mhz. del dial. La emisora ya ven\u00eda transmitiendo en modo de prueba, pero ayer quedaron habilitadas oficialmente las instalaciones que est\u00e1n ubicadas en el predio de 9 de Julio y Ruta 9.<\/p>\n<p>\u201cEs un proyecto que ven\u00edamos esperando que salga, hace un tiempo que lo ven\u00edamos haciendo a modo de prueba. Ven\u00edamos trabajando desde que recibimos la licencia oficial. Cost\u00f3 tiempo, trabajo, recursos, y hoy podemos estar disfrutando de esto que pretende ser m\u00e1s que una radio, tambi\u00e9n un lugar de encuentro y de esparcimiento. Ojal\u00e1 con este proyecto podamos lograr que sea todo lo lindo que pensamos\u201d, le dijo a El Diario el intendente local, Ariel Rojas.<\/p>\n<p>El jefe comunal coment\u00f3 que tendr\u00e1n una programaci\u00f3n inicial, pero que habr\u00e1 espacios \u201cpara seguir trabajando y llenando\u201d.<\/p>\n<p>\u201cLa idea es ir haciendo la programaci\u00f3n que la gente m\u00e1s nos pida, y despacito a paso firme pero seguro ir teniendo en cuenta lo que nos pida la comunidad y lo que m\u00e1s le sirva a la comunidad\u201d, complet\u00f3.<\/p>\n<p>\u201cEl plantel de trabajo son cinco o seis personas, operadores, un sereno permanente. Y de a poquito se va a ir sumando mucha gente porque la idea es que tambi\u00e9n sea una fuente de trabajo\u201d, se\u00f1al\u00f3 Rojas.<\/p>\n<p>La directora de la radio ser\u00e1 Stella Maris Pedraza y la parte t\u00e9cnica estar\u00e1 a cargo de Rolando Gi\u00fadice. Los estudios est\u00e1n ubicado en un predio cedido por el Ej\u00e9rcito Argentino, donde se ubicaban las caballerizas del Regimiento de Toay. La idea del municipio es que el amplio lugar sirva tambi\u00e9n para actividades culturales y de la comunidad.<\/p>\n<p>Del acto oficial particip\u00f3 tambi\u00e9n el delegado de AFSCA en La Pampa, Eduardo Tindiglia, quien asegur\u00f3 al tomar la palabra que la emisora municipal toayense era la primera de este tipo en ser autorizada e inaugurada oficialmente en La Pampa desde la sanci\u00f3n de la Ley de Servicios Audiovisuales. Tambi\u00e9n estuvieron presentes el diputado provincial Miguel Tanos, el director de Prensa de Casa de Gobierno, Bruno Cazenave, junto funcionarios y concejales de la localidad y periodistas y due\u00f1os de otras emisoras de la localidad.<\/p>\n<h6>Fuente: El Diario de La Pampa<\/h6>\n","protected":false},"excerpt":{"rendered":"<p>La FM Municipal, que ven\u00eda emitiendo en modo de prueba en el 94.3 del dial, qued\u00f3 habilitada oficialmente. Funcionar\u00e1 en un predio cedido por el Ej\u00e9rcito Argentino. La Municipalidad de Toay inaugur\u00f3 oficialmente la Radio Municipal, que transmitir\u00e1 en la frecuencia de 94.3 Mhz. del dial. La emisora ya ven\u00eda transmitiendo en modo de prueba,<\/p>\n","protected":false},"author":2,"featured_media":19897,"comment_status":"closed","ping_status":"closed","sticky":false,"template":"","format":"standard","meta":{"footnotes":""},"categories":[2],"tags":[42],"class_list":["post-19896","post","type-post","status-publish","format-standard","has-post-thumbnail","hentry","category-informe-municipal","tag-la-pampa"],"_links":{"self":[{"href":"http:\/\/argentinamunicipal.com.ar\/argentina\/wp-json\/wp\/v2\/posts\/19896","targetHints":{"allow":["GET"]}}],"collection":[{"href":"http:\/\/argentinamunicipal.com.ar\/argentina\/wp-json\/wp\/v2\/posts"}],"about":[{"href":"http:\/\/argentinamunicipal.com.ar\/argentina\/wp-json\/wp\/v2\/types\/post"}],"author":[{"embeddable":true,"href":"http:\/\/argentinamunicipal.com.ar\/argentina\/wp-json\/wp\/v2\/users\/2"}],"replies":[{"embeddable":true,"href":"http:\/\/argentinamunicipal.com.ar\/argentina\/wp-json\/wp\/v2\/comments?post=19896"}],"version-history":[{"count":0,"href":"http:\/\/argentinamunicipal.com.ar\/argentina\/wp-json\/wp\/v2\/posts\/19896\/revisions"}],"wp:featuredmedia":[{"embeddable":true,"href":"http:\/\/argentinamunicipal.com.ar\/argentina\/wp-json\/wp\/v2\/media\/19897"}],"wp:attachment":[{"href":"http:\/\/argentinamunicipal.com.ar\/argentina\/wp-json\/wp\/v2\/media?parent=19896"}],"wp:term":[{"taxonomy":"category","embeddable":true,"href":"http:\/\/argentinamunicipal.com.ar\/argentina\/wp-json\/wp\/v2\/categories?post=19896"},{"taxonomy":"post_tag","embeddable":true,"href":"http:\/\/argentinamunicipal.com.ar\/argentina\/wp-json\/wp\/v2\/tags?post=19896"}],"curies":[{"name":"wp","href":"https:\/\/api.w.org\/{rel}","templated":true}]}}