{"id":19917,"date":"2014-11-25T09:33:32","date_gmt":"2014-11-25T12:33:32","guid":{"rendered":"http:\/\/argentinamunicipal.com.ar\/argentina\/?p=19917"},"modified":"2014-11-25T09:33:32","modified_gmt":"2014-11-25T12:33:32","slug":"el-municipio-de-santa-fe-tendra-su-propio-drone-para-elaborar-mapas","status":"publish","type":"post","link":"http:\/\/argentinamunicipal.com.ar\/argentina\/el-municipio-de-santa-fe-tendra-su-propio-drone-para-elaborar-mapas\/","title":{"rendered":"El municipio de Santa Fe tendr\u00e1 su propio drone para elaborar mapas"},"content":{"rendered":"<p><a href=\"http:\/\/argentinamunicipal.com.ar\/argentina\/wp-content\/uploads\/2014\/11\/drone.jpg_2069580699-1.jpg\"><img loading=\"lazy\" decoding=\"async\" class=\"aligncenter  wp-image-19918\" src=\"http:\/\/argentinamunicipal.com.ar\/argentina\/wp-content\/uploads\/2014\/11\/drone.jpg_2069580699-1.jpg\" alt=\"drone.jpg_2069580699 (1)\" width=\"668\" height=\"445\" srcset=\"http:\/\/argentinamunicipal.com.ar\/argentina\/wp-content\/uploads\/2014\/11\/drone.jpg_2069580699-1.jpg 761w, http:\/\/argentinamunicipal.com.ar\/argentina\/wp-content\/uploads\/2014\/11\/drone.jpg_2069580699-1-300x199.jpg 300w\" sizes=\"auto, (max-width: 668px) 100vw, 668px\" \/><\/a><br \/>\nEl intendente Corral brindar\u00e1 ma\u00f1ana los detalles de este nuevo equipamiento incorporado por el Municipio. Permitir\u00e1 tomar fotograf\u00edas a\u00e9reas y elaborar mapas urbanos con alta calidad y precisi\u00f3n.<\/p>\n<p>El Gobierno de la Ciudad de Santa Fe adquiri\u00f3 un nuevo equipamiento con tecnolog\u00eda de \u00faltima generaci\u00f3n. Se trata de un drone, un veh\u00edculo a\u00e9reo no tripulado, equipado con una c\u00e1mara que permite tomar fotograf\u00edas en alta definici\u00f3n y elaborar mapas de distintos territorios.<\/p>\n<p>El dispositivo fue fabricado por la empresa senseFly, modelo eBee, y cuenta con una c\u00e1mara de 16 MP con una resoluci\u00f3n de 4cm por pixel y un GPS, lo que posibilita la toma de im\u00e1genes en alta definici\u00f3n as\u00ed como la elaboraci\u00f3n de mapas del territorio de la ciudad, con un alto grado de precisi\u00f3n. El drone est\u00e1 hecho de polietileno y pesa unos 700 gramos. Lo fundamental de este equipo es su sistema de vuelo.<\/p>\n<p>Este martes 25, a las 10, el intendente Jos\u00e9 Corral brindar\u00e1 detalles de este nuevo equipamiento y los fines para los que ser\u00e1 utilizado, ya que estar\u00e1 a disposici\u00f3n de diferentes secretar\u00edas municipales, en especial de las \u00e1reas de Gesti\u00f3n de Riesgo y Planeamiento Urbano. La presentaci\u00f3n ser\u00e1 en el Centro de Monitoreo de Seguridad, ubicado en la planta baja del Municipio santafesino donde se podr\u00e1n ver im\u00e1genes obtenidas por el nuevo dispositivo.<\/p>\n<h6>Fuente: Uno, Santa Fe<\/h6>\n","protected":false},"excerpt":{"rendered":"<p>El intendente Corral brindar\u00e1 ma\u00f1ana los detalles de este nuevo equipamiento incorporado por el Municipio. Permitir\u00e1 tomar fotograf\u00edas a\u00e9reas y elaborar mapas urbanos con alta calidad y precisi\u00f3n. El Gobierno de la Ciudad de Santa Fe adquiri\u00f3 un nuevo equipamiento con tecnolog\u00eda de \u00faltima generaci\u00f3n. Se trata de un drone, un veh\u00edculo a\u00e9reo no tripulado,<\/p>\n","protected":false},"author":2,"featured_media":19918,"comment_status":"closed","ping_status":"closed","sticky":false,"template":"","format":"standard","meta":{"footnotes":""},"categories":[2],"tags":[10],"class_list":["post-19917","post","type-post","status-publish","format-standard","has-post-thumbnail","hentry","category-informe-municipal","tag-santa-fe"],"_links":{"self":[{"href":"http:\/\/argentinamunicipal.com.ar\/argentina\/wp-json\/wp\/v2\/posts\/19917","targetHints":{"allow":["GET"]}}],"collection":[{"href":"http:\/\/argentinamunicipal.com.ar\/argentina\/wp-json\/wp\/v2\/posts"}],"about":[{"href":"http:\/\/argentinamunicipal.com.ar\/argentina\/wp-json\/wp\/v2\/types\/post"}],"author":[{"embeddable":true,"href":"http:\/\/argentinamunicipal.com.ar\/argentina\/wp-json\/wp\/v2\/users\/2"}],"replies":[{"embeddable":true,"href":"http:\/\/argentinamunicipal.com.ar\/argentina\/wp-json\/wp\/v2\/comments?post=19917"}],"version-history":[{"count":0,"href":"http:\/\/argentinamunicipal.com.ar\/argentina\/wp-json\/wp\/v2\/posts\/19917\/revisions"}],"wp:featuredmedia":[{"embeddable":true,"href":"http:\/\/argentinamunicipal.com.ar\/argentina\/wp-json\/wp\/v2\/media\/19918"}],"wp:attachment":[{"href":"http:\/\/argentinamunicipal.com.ar\/argentina\/wp-json\/wp\/v2\/media?parent=19917"}],"wp:term":[{"taxonomy":"category","embeddable":true,"href":"http:\/\/argentinamunicipal.com.ar\/argentina\/wp-json\/wp\/v2\/categories?post=19917"},{"taxonomy":"post_tag","embeddable":true,"href":"http:\/\/argentinamunicipal.com.ar\/argentina\/wp-json\/wp\/v2\/tags?post=19917"}],"curies":[{"name":"wp","href":"https:\/\/api.w.org\/{rel}","templated":true}]}}