{"id":19920,"date":"2014-11-25T09:38:12","date_gmt":"2014-11-25T12:38:12","guid":{"rendered":"http:\/\/argentinamunicipal.com.ar\/argentina\/?p=19920"},"modified":"2014-11-25T09:38:12","modified_gmt":"2014-11-25T12:38:12","slug":"avanza-el-parque-solar-en-san-lorenzo","status":"publish","type":"post","link":"http:\/\/argentinamunicipal.com.ar\/argentina\/avanza-el-parque-solar-en-san-lorenzo\/","title":{"rendered":"Avanza el parque solar en San Lorenzo"},"content":{"rendered":"<p><a href=\"http:\/\/argentinamunicipal.com.ar\/argentina\/wp-content\/uploads\/2014\/11\/Acciona-almacenara-la-energia-de-un-parque-solar.jpg\"><img loading=\"lazy\" decoding=\"async\" class=\"aligncenter size-full wp-image-19921\" src=\"http:\/\/argentinamunicipal.com.ar\/argentina\/wp-content\/uploads\/2014\/11\/Acciona-almacenara-la-energia-de-un-parque-solar.jpg\" alt=\"Acciona-almacenara-la-energia-de-un-parque-solar\" width=\"660\" height=\"338\" srcset=\"http:\/\/argentinamunicipal.com.ar\/argentina\/wp-content\/uploads\/2014\/11\/Acciona-almacenara-la-energia-de-un-parque-solar.jpg 660w, http:\/\/argentinamunicipal.com.ar\/argentina\/wp-content\/uploads\/2014\/11\/Acciona-almacenara-la-energia-de-un-parque-solar-300x153.jpg 300w\" sizes=\"auto, (max-width: 660px) 100vw, 660px\" \/><\/a><br \/>\nEl parque solar de San Lorenzo va camino a ser una realidad. Est\u00e1 incluido en el presupuesto 2015 y ya se licit\u00f3 una parte. Es el tercero del pa\u00eds y el primero en la provincia.<\/p>\n<p>Con el llamado a licitaci\u00f3n nacional e internacional (anunciado por La\u2002Capital en su edici\u00f3n del s\u00e1bado) y su inclusi\u00f3n en el presupuesto provincial 2015, la planta de energ\u00eda fotovoltaica solar de San Lorenzo, tercera de su tipo en el pa\u00eds, va camino a hacerse realidad.<\/p>\n<p>La parte que se licita corresponde a la provisi\u00f3n de materiales, equipos y mano de obra necesarios para la puesta en marcha del parque solar, el que generar\u00e1 un megavatio de energ\u00eda. Adem\u00e1s, se adjudicar\u00e1 a la contratista la operaci\u00f3n y mantenimiento durante tres meses posteriores a la entrega de certificado de recepci\u00f3n provisoria de la obra, para capacitar mano de obra local para su posterior operaci\u00f3n y mantenimiento.<\/p>\n<p>La inversi\u00f3n supera los 34 millones de pesos y la planta se instalar\u00e1 sobre un terreno que la provincia posee a la vera de la autopista Brigadier L\u00f3pez, en las afueras de San Lorenzo. El parque solar fotovoltaico permitir\u00e1 a Santa Fe aumentar el porcentaje de energ\u00eda renovable en su volumen energ\u00e9tico general.<\/p>\n<p>En base al mapa solar de la Argentina, la provincia de Santa Fe posee un excelente recurso solar en toda su superficie. Seg\u00fan los valores arrojados por un software de simulaci\u00f3n, la producci\u00f3n energ\u00e9tica del futuro parque ser\u00e1 de 1,256 megavatio-hora\/a\u00f1o, con una superficie de paneles de captaci\u00f3n de 7.445 metros cuadrados.<\/p>\n<p>Tema central. Seg\u00fan se\u00f1al\u00f3 el gobernador Antonio Bonfatti, \u00abla energ\u00eda y sus fuentes constituyen uno de los temas centrales en lo que hace a la cuesti\u00f3n ambiental y, en consecuencia, fue una de nuestras principales materias de intervenci\u00f3n desde la creaci\u00f3n misma de la Secretar\u00eda de Energ\u00eda, hace tres a\u00f1os. Con este proyecto damos el puntapi\u00e9 inicial en la provincia en lo que es generaci\u00f3n de energ\u00eda renovable\u00bb.<\/p>\n<p>La propuesta del gobierno santafesino es que la energ\u00eda generada sea inyectada al Sistema Argentino de Interconexi\u00f3n (Sadi) y comercializada en el mercado el\u00e9ctrico mayorista bajo el mecanismo contractual establecido por la Secretar\u00eda de Energ\u00eda de la Naci\u00f3n. Ser\u00e1 la primera experiencia de generaci\u00f3n de energ\u00eda renovable en la provincia de Santa Fe.<\/p>\n<p>Actualmente s\u00f3lo San Juan -con dos parques, uno privado y otro p\u00fablico- vende la energ\u00eda generada al sistema nacional, del mismo modo que La Rioja vende la generada por el parque e\u00f3lico Arauco. En cuanto a parques solares, el de San Lorenzo ser\u00e1 el tercero en su tipo.<\/p>\n<p>El gobierno santafesino destinar\u00e1 los recursos provenientes de la venta de energ\u00eda al desarrollo de nuevos proyectos de generaci\u00f3n en otros puntos de la provincia, y la instalaci\u00f3n de esta planta generar\u00e1 un ahorro aproximado de 270 toneladas anuales de petr\u00f3leo y equivalentes. Adem\u00e1s, esto equivale a la no emisi\u00f3n de 720 toneladas de CO2 (di\u00f3xido de carbono) por a\u00f1o a la atm\u00f3sfera.<\/p>\n<p>La licitaci\u00f3n. La Secretar\u00eda de Energ\u00eda y la Unidad Ejecutora Provincial del Programa de Saneamiento Financiero y Desarrollo Econ\u00f3mico de las Provincias del Ministerio de Econom\u00eda llevar\u00e1n adelante el proceso licitatorio para este proyecto. La apertura de sobres se realizar\u00e1 el pr\u00f3ximo 17 de diciembre en Santa Fe. El presupuesto oficial es de 34.380.297,20 pesos.<\/p>\n<p>La licitaci\u00f3n contempla la instalaci\u00f3n y puesta en funcionamiento, en el lapso de seis meses, de un parque solar fotovoltaico cuya producci\u00f3n equivaldr\u00e1 a la energ\u00eda el\u00e9ctrica que consumen 450 hogares aproximadamente.<\/p>\n<p>Seg\u00fan se indic\u00f3, contar con este tipo de parque energ\u00e9tico permite adem\u00e1s promover el desarrollo de capacidades locales tanto cient\u00edficas como profesionales para la ejecuci\u00f3n de las obras, la operaci\u00f3n y el mantenimiento de este tipo de instalaciones, as\u00ed como el desarrollo industrial asociado a su montaje.<\/p>\n<h3>Diversificar la matriz energ\u00e9tica<\/h3>\n<p>Diversificar la matriz energ\u00e9tica de la provincia forma parte de los objetivos delineados por el gobierno desde el comienzo de la actual gesti\u00f3n, con la premisa de avanzar hacia un desarrollo sustentable en y, a la vez, cumplir con la ley nacional que establece que el 8 por ciento del consumo de energ\u00eda para 2016 debe provenir de fuentes renovables.<\/p>\n<p>\u00abQueremos fortalecer el compromiso ambiental de los santafesinos y para eso sabemos que tenemos que tomar la posta desde el Estado con acciones ejemplificadoras; predicar con el ejemplo para que tambi\u00e9n la sociedad se entusiasme y se comprometa en el cuidado del ambiente\u00bb, dijo el gobernador Antonio Bonfatti.<\/p>\n<p>El mandatario record\u00f3 que \u00abSanta Fe es una de las provincias pioneras en el pa\u00eds en haber hecho efectivo el protocolo de interconexi\u00f3n en baja tensi\u00f3n, que le permite a los usuarios residenciales que generen energ\u00eda, inyectarla a la red provincial y obtener un descuento en su factura de consumo\u00bb.<\/p>\n<p>Bonfatti tambi\u00e9n puso de relieve que el gobierno lleva aprobados proyectos por m\u00e1s de 100 millones de pesos, que ser\u00e1n evaluados para acceder a la denominada L\u00ednea Verde de cr\u00e9ditos para empresas que apliquen procesos de energ\u00edas renovables, o medidas de ahorro y eficiencia energ\u00e9tica.<\/p>\n<h3>La L\u00ednea Verde financia proyectos alternativos<\/h3>\n<p>A trav\u00e9s de la L\u00ednea Verde de cr\u00e9ditos lanzada este a\u00f1o, la Secretar\u00eda de Energ\u00eda lleva aprobados proyectos por m\u00e1s de 100 millones de pesos para inversiones asociadas a la generaci\u00f3n de energ\u00eda renovable y a la sustituci\u00f3n de equipamiento industrial por otro m\u00e1s eficiente. Las iniciativas est\u00e1n en evaluaci\u00f3n por parte del Banco Municipal de Rosario, encargado de la financiaci\u00f3n. De los proyectos presentados, un 55 por ciento apuntan a inversiones para el aprovechamiento de energ\u00edas renovables, un 35 corresponden a inversiones en eficiencia energ\u00e9tica, y un 10 a proyectos mixtos que incluyen ambas alternativas.<\/p>\n<p>Entre las propuestas aprobadas hay proyectos para la construcci\u00f3n de biodigestores en establecimientos agropecuarios, una planta de bioetanol y un edificio de oficinas con aprovechamiento clim\u00e1tico, eficiencia energ\u00e9tica y energ\u00eda renovable.<\/p>\n<p>Tambi\u00e9n los hay para la instalaci\u00f3n de m\u00f3dulos fotovoltaicos para inyecci\u00f3n de energ\u00eda a la red de baja tensi\u00f3n, paneles solares en establecimientos productivos; para la fabricaci\u00f3n de luminarias solares aut\u00f3nomas, luminarias LED, bicicletas con motores abastecidos con paneles solares; para la generaci\u00f3n de biog\u00e1s a partir de vinaza y cambio de luminarias en el alumbrado p\u00fablico.<\/p>\n<h6>Fuente: Sin Mordaza<\/h6>\n","protected":false},"excerpt":{"rendered":"<p>El parque solar de San Lorenzo va camino a ser una realidad. Est\u00e1 incluido en el presupuesto 2015 y ya se licit\u00f3 una parte. Es el tercero del pa\u00eds y el primero en la provincia. Con el llamado a licitaci\u00f3n nacional e internacional (anunciado por La\u2002Capital en su edici\u00f3n del s\u00e1bado) y su inclusi\u00f3n en<\/p>\n","protected":false},"author":2,"featured_media":19921,"comment_status":"closed","ping_status":"closed","sticky":false,"template":"","format":"standard","meta":{"footnotes":""},"categories":[2],"tags":[10],"class_list":["post-19920","post","type-post","status-publish","format-standard","has-post-thumbnail","hentry","category-informe-municipal","tag-santa-fe"],"_links":{"self":[{"href":"http:\/\/argentinamunicipal.com.ar\/argentina\/wp-json\/wp\/v2\/posts\/19920","targetHints":{"allow":["GET"]}}],"collection":[{"href":"http:\/\/argentinamunicipal.com.ar\/argentina\/wp-json\/wp\/v2\/posts"}],"about":[{"href":"http:\/\/argentinamunicipal.com.ar\/argentina\/wp-json\/wp\/v2\/types\/post"}],"author":[{"embeddable":true,"href":"http:\/\/argentinamunicipal.com.ar\/argentina\/wp-json\/wp\/v2\/users\/2"}],"replies":[{"embeddable":true,"href":"http:\/\/argentinamunicipal.com.ar\/argentina\/wp-json\/wp\/v2\/comments?post=19920"}],"version-history":[{"count":0,"href":"http:\/\/argentinamunicipal.com.ar\/argentina\/wp-json\/wp\/v2\/posts\/19920\/revisions"}],"wp:featuredmedia":[{"embeddable":true,"href":"http:\/\/argentinamunicipal.com.ar\/argentina\/wp-json\/wp\/v2\/media\/19921"}],"wp:attachment":[{"href":"http:\/\/argentinamunicipal.com.ar\/argentina\/wp-json\/wp\/v2\/media?parent=19920"}],"wp:term":[{"taxonomy":"category","embeddable":true,"href":"http:\/\/argentinamunicipal.com.ar\/argentina\/wp-json\/wp\/v2\/categories?post=19920"},{"taxonomy":"post_tag","embeddable":true,"href":"http:\/\/argentinamunicipal.com.ar\/argentina\/wp-json\/wp\/v2\/tags?post=19920"}],"curies":[{"name":"wp","href":"https:\/\/api.w.org\/{rel}","templated":true}]}}