{"id":19992,"date":"2014-11-26T09:07:09","date_gmt":"2014-11-26T12:07:09","guid":{"rendered":"http:\/\/argentinamunicipal.com.ar\/argentina\/?p=19992"},"modified":"2014-11-26T09:07:09","modified_gmt":"2014-11-26T12:07:09","slug":"el-gobierno-de-rio-negro-sigue-capacitando-municipios-en-desarrollo-urbano-y-manejo-de-suelo","status":"publish","type":"post","link":"http:\/\/argentinamunicipal.com.ar\/argentina\/el-gobierno-de-rio-negro-sigue-capacitando-municipios-en-desarrollo-urbano-y-manejo-de-suelo\/","title":{"rendered":"El Gobierno de R\u00edo Negro sigue capacitando a Municipios en desarrollo urbano y manejo de suelo"},"content":{"rendered":"<p><a href=\"http:\/\/argentinamunicipal.com.ar\/argentina\/wp-content\/uploads\/2014\/11\/imagen-11.jpg\"><img loading=\"lazy\" decoding=\"async\" class=\"alignright size-full wp-image-19993\" src=\"http:\/\/argentinamunicipal.com.ar\/argentina\/wp-content\/uploads\/2014\/11\/imagen-11.jpg\" alt=\"viedma - 07\/05\/13 Se acerca la fecha para el debate de la existencia\" width=\"400\" height=\"268\" srcset=\"http:\/\/argentinamunicipal.com.ar\/argentina\/wp-content\/uploads\/2014\/11\/imagen-11.jpg 400w, http:\/\/argentinamunicipal.com.ar\/argentina\/wp-content\/uploads\/2014\/11\/imagen-11-300x201.jpg 300w\" sizes=\"auto, (max-width: 400px) 100vw, 400px\" \/><\/a>En el marco del proyecto \u201cDise\u00f1o de pol\u00edticas e instrumentos de gesti\u00f3n del suelo para la Provincia de R\u00edo Negro\u201d, ejecutado por la Secretar\u00eda de Planificaci\u00f3n provincial, se est\u00e1n desarrollando los \u00faltimos talleres de capacitaci\u00f3n destinados a t\u00e9cnicos y profesionales del sector p\u00fablico municipal.<\/p>\n<p>El tercer y \u00faltimo taller comenz\u00f3 hoy al mediod\u00eda en Viedma, con la participaci\u00f3n de t\u00e9cnicos y funcionarios del Municipio local y de las comunas de San Antonio Oeste, Choele Choel, Lamarque y General Conesa.<\/p>\n<p>La actividad es organizada en conjunto con la Subsecretar\u00eda de Planificaci\u00f3n Territorial de la Naci\u00f3n y tiene como objetivo principal desarrollar y poner a disposici\u00f3n de los gobiernos locales y provincial un conjunto de herramientas para ejecutar pol\u00edticas p\u00fablicas de gesti\u00f3n del suelo, a fin de garantizar un desarrollo equitativo y sostenible del territorio en cada localidad.<\/p>\n<p>En este contexto, la secretaria de Planificaci\u00f3n, Laura Perilli, destac\u00f3 la \u201cexcelente representatividad de los Municipios de la zona, que tiene que ver con la demanda de acceso al suelo y a la vivienda que reciben hoy del conjunto de la poblaci\u00f3n.\u201d En este sentido, el objetivo de estos talleres es justamente brindar instrumentos que faciliten este acceso.<\/p>\n<p>Al taller asistieron adem\u00e1s representantes de la Gerencia de Catastro, de la Direcci\u00f3n de Municipios y Comisiones de Fomentos, docentes de la Universidad de R\u00edo Negro y del Centro Universitario Regional Zona Atl\u00e1ntica (CURZA) y referentes del Colegio de Martilleros de Viedma. La capacitaci\u00f3n est\u00e1 a cargo del arquitecto Eduardo Resse, especialista en planeamiento urbano y regional, de reconocida trayectoria a nivel latinoamericano.<\/p>\n<p>Adem\u00e1s de estas capacitaciones, la Secretar\u00eda de Planificaci\u00f3n en conjunto con la Subsecretar\u00eda de Planificaci\u00f3n de la Naci\u00f3n, est\u00e1n trabajando con los Municipios de Cipolletti, Catriel, Dina Huapi, Choel Choel y Viedma para desarrollar distintos instrumentos de gesti\u00f3n urbana que puedan ser replicados en otras ciudades. En este marco, Perilli se reuni\u00f3 hoy por la ma\u00f1ana con los intendentes de Viedma y Choele Choel y sus respectivos gabinetes.<\/p>\n<h6>Fuente: El Cordillerano<\/h6>\n","protected":false},"excerpt":{"rendered":"<p>En el marco del proyecto \u201cDise\u00f1o de pol\u00edticas e instrumentos de gesti\u00f3n del suelo para la Provincia de R\u00edo Negro\u201d, ejecutado por la Secretar\u00eda de Planificaci\u00f3n provincial, se est\u00e1n desarrollando los \u00faltimos talleres de capacitaci\u00f3n destinados a t\u00e9cnicos y profesionales del sector p\u00fablico municipal. El tercer y \u00faltimo taller comenz\u00f3 hoy al mediod\u00eda en Viedma,<\/p>\n","protected":false},"author":2,"featured_media":19993,"comment_status":"closed","ping_status":"closed","sticky":false,"template":"","format":"standard","meta":{"footnotes":""},"categories":[2],"tags":[11],"class_list":["post-19992","post","type-post","status-publish","format-standard","has-post-thumbnail","hentry","category-informe-municipal","tag-rio-negro"],"_links":{"self":[{"href":"http:\/\/argentinamunicipal.com.ar\/argentina\/wp-json\/wp\/v2\/posts\/19992","targetHints":{"allow":["GET"]}}],"collection":[{"href":"http:\/\/argentinamunicipal.com.ar\/argentina\/wp-json\/wp\/v2\/posts"}],"about":[{"href":"http:\/\/argentinamunicipal.com.ar\/argentina\/wp-json\/wp\/v2\/types\/post"}],"author":[{"embeddable":true,"href":"http:\/\/argentinamunicipal.com.ar\/argentina\/wp-json\/wp\/v2\/users\/2"}],"replies":[{"embeddable":true,"href":"http:\/\/argentinamunicipal.com.ar\/argentina\/wp-json\/wp\/v2\/comments?post=19992"}],"version-history":[{"count":0,"href":"http:\/\/argentinamunicipal.com.ar\/argentina\/wp-json\/wp\/v2\/posts\/19992\/revisions"}],"wp:featuredmedia":[{"embeddable":true,"href":"http:\/\/argentinamunicipal.com.ar\/argentina\/wp-json\/wp\/v2\/media\/19993"}],"wp:attachment":[{"href":"http:\/\/argentinamunicipal.com.ar\/argentina\/wp-json\/wp\/v2\/media?parent=19992"}],"wp:term":[{"taxonomy":"category","embeddable":true,"href":"http:\/\/argentinamunicipal.com.ar\/argentina\/wp-json\/wp\/v2\/categories?post=19992"},{"taxonomy":"post_tag","embeddable":true,"href":"http:\/\/argentinamunicipal.com.ar\/argentina\/wp-json\/wp\/v2\/tags?post=19992"}],"curies":[{"name":"wp","href":"https:\/\/api.w.org\/{rel}","templated":true}]}}