{"id":20003,"date":"2014-11-26T09:24:15","date_gmt":"2014-11-26T12:24:15","guid":{"rendered":"http:\/\/argentinamunicipal.com.ar\/argentina\/?p=20003"},"modified":"2014-11-26T09:24:15","modified_gmt":"2014-11-26T12:24:15","slug":"ninos-ciegos-seran-de-concejales-en-rosario-por-un-dia","status":"publish","type":"post","link":"http:\/\/argentinamunicipal.com.ar\/argentina\/ninos-ciegos-seran-de-concejales-en-rosario-por-un-dia\/","title":{"rendered":"Ni\u00f1os ciegos ser\u00e1n de \u00abConcejales en Rosario por un d\u00eda\u00bb"},"content":{"rendered":"<p><a href=\"http:\/\/argentinamunicipal.com.ar\/argentina\/wp-content\/uploads\/2014\/11\/103647_rosario.jpg\"><img loading=\"lazy\" decoding=\"async\" class=\"alignleft size-full wp-image-20004\" src=\"http:\/\/argentinamunicipal.com.ar\/argentina\/wp-content\/uploads\/2014\/11\/103647_rosario.jpg\" alt=\"103647_rosario\" width=\"544\" height=\"293\" srcset=\"http:\/\/argentinamunicipal.com.ar\/argentina\/wp-content\/uploads\/2014\/11\/103647_rosario.jpg 544w, http:\/\/argentinamunicipal.com.ar\/argentina\/wp-content\/uploads\/2014\/11\/103647_rosario-300x161.jpg 300w\" sizes=\"auto, (max-width: 544px) 100vw, 544px\" \/><\/a>La Concejala Daniela Le\u00f3n presidir\u00e1 hoy una sesi\u00f3n con ni\u00f1as y ni\u00f1os ciegos de 7mo grado de la Esc. Especial Lidia Rousselle.<\/p>\n<p>Por primera vez, ni\u00f1as y ni\u00f1os ciegos o con baja visi\u00f3n de la Escuela Especial N\u00ba 2081 Lidia Rousselle participar\u00e1n de la actividad \u00abConcejales por un d\u00eda\u00bb. Veintitres (23) adolescentes con discapacidad visual tomar\u00e1n el rol de Concejalas y Concejales y presentar\u00e1n, fundamentar\u00e1n y votar\u00e1n 4 proyectos que consideran importantes para la ciudad de Rosario. El encuentro ser\u00e1 hoy a las 14hs en el Recinto de Sesiones del Concejo Municipal de Rosario.<\/p>\n<p>En el marco de esta actividad y del D\u00eda del Bast\u00f3n Blanco (15 de octubre), Daniela Le\u00f3n fue invitada al establecimiento educativo para trabajar con los alumnos sobre el armado de proyectos de Decretos y Ordenanzas y el rol del Concejo Municipal y de los Concejales. La Concejala confeccion\u00f3 material impreso en Braille, con el objetivo de que, tanto el primer encuentro de trabajo con los chicos, como la sesi\u00f3n de hoy, se realizaran garantizando el acceso de los ni\u00f1os y ni\u00f1as a la informaci\u00f3n y al orden del d\u00eda.<\/p>\n<p>\u00abCon el material en sistema Braille que hemos elaborado, haremos la primera experiencia de inclusi\u00f3n en &#8216;construcci\u00f3n de ciudadan\u00eda&#8217; con ni\u00f1as y ni\u00f1os ciegos o con baja visi\u00f3n, que se sentar\u00e1n en las bancas del Concejo Municipal para ser concejales por un d\u00eda. Seguimos trabajando entonces, generando acciones positivas, para que tomemos conciencia de que a\u00fan siendo diferentes todos somos iguales en derechos\u00bb expres\u00f3 la Concejala Daniela Le\u00f3n.<\/p>\n<h6>Fuente: Sin Mordaza<\/h6>\n","protected":false},"excerpt":{"rendered":"<p>La Concejala Daniela Le\u00f3n presidir\u00e1 hoy una sesi\u00f3n con ni\u00f1as y ni\u00f1os ciegos de 7mo grado de la Esc. Especial Lidia Rousselle. Por primera vez, ni\u00f1as y ni\u00f1os ciegos o con baja visi\u00f3n de la Escuela Especial N\u00ba 2081 Lidia Rousselle participar\u00e1n de la actividad \u00abConcejales por un d\u00eda\u00bb. Veintitres (23) adolescentes con discapacidad visual<\/p>\n","protected":false},"author":2,"featured_media":20004,"comment_status":"closed","ping_status":"closed","sticky":false,"template":"","format":"standard","meta":{"footnotes":""},"categories":[2],"tags":[10],"class_list":["post-20003","post","type-post","status-publish","format-standard","has-post-thumbnail","hentry","category-informe-municipal","tag-santa-fe"],"_links":{"self":[{"href":"http:\/\/argentinamunicipal.com.ar\/argentina\/wp-json\/wp\/v2\/posts\/20003","targetHints":{"allow":["GET"]}}],"collection":[{"href":"http:\/\/argentinamunicipal.com.ar\/argentina\/wp-json\/wp\/v2\/posts"}],"about":[{"href":"http:\/\/argentinamunicipal.com.ar\/argentina\/wp-json\/wp\/v2\/types\/post"}],"author":[{"embeddable":true,"href":"http:\/\/argentinamunicipal.com.ar\/argentina\/wp-json\/wp\/v2\/users\/2"}],"replies":[{"embeddable":true,"href":"http:\/\/argentinamunicipal.com.ar\/argentina\/wp-json\/wp\/v2\/comments?post=20003"}],"version-history":[{"count":0,"href":"http:\/\/argentinamunicipal.com.ar\/argentina\/wp-json\/wp\/v2\/posts\/20003\/revisions"}],"wp:featuredmedia":[{"embeddable":true,"href":"http:\/\/argentinamunicipal.com.ar\/argentina\/wp-json\/wp\/v2\/media\/20004"}],"wp:attachment":[{"href":"http:\/\/argentinamunicipal.com.ar\/argentina\/wp-json\/wp\/v2\/media?parent=20003"}],"wp:term":[{"taxonomy":"category","embeddable":true,"href":"http:\/\/argentinamunicipal.com.ar\/argentina\/wp-json\/wp\/v2\/categories?post=20003"},{"taxonomy":"post_tag","embeddable":true,"href":"http:\/\/argentinamunicipal.com.ar\/argentina\/wp-json\/wp\/v2\/tags?post=20003"}],"curies":[{"name":"wp","href":"https:\/\/api.w.org\/{rel}","templated":true}]}}