{"id":20027,"date":"2014-11-28T07:00:56","date_gmt":"2014-11-28T10:00:56","guid":{"rendered":"http:\/\/argentinamunicipal.com.ar\/argentina\/?p=20027"},"modified":"2014-11-26T10:19:46","modified_gmt":"2014-11-26T13:19:46","slug":"6o-edicion-de-la-semana-de-la-aventura-bariloche-29-y-30-de-noviembre","status":"publish","type":"post","link":"http:\/\/argentinamunicipal.com.ar\/argentina\/6o-edicion-de-la-semana-de-la-aventura-bariloche-29-y-30-de-noviembre\/","title":{"rendered":"6\u00ba edici\u00f3n de la \u201cSemana de la Aventura\u201d, Bariloche, 29 y 30 de noviembre"},"content":{"rendered":"<p><a href=\"http:\/\/argentinamunicipal.com.ar\/argentina\/wp-content\/uploads\/2014\/11\/semana-aventura.jpg\"><img loading=\"lazy\" decoding=\"async\" class=\"aligncenter  wp-image-20028\" src=\"http:\/\/argentinamunicipal.com.ar\/argentina\/wp-content\/uploads\/2014\/11\/semana-aventura.jpg\" alt=\"semana-aventura\" width=\"713\" height=\"239\" srcset=\"http:\/\/argentinamunicipal.com.ar\/argentina\/wp-content\/uploads\/2014\/11\/semana-aventura.jpg 910w, http:\/\/argentinamunicipal.com.ar\/argentina\/wp-content\/uploads\/2014\/11\/semana-aventura-300x100.jpg 300w\" sizes=\"auto, (max-width: 713px) 100vw, 713px\" \/><\/a><\/p>\n<p>La Asociaci\u00f3n de Turismo Activo de la Patagonia realizar\u00e1 la tradicional fiesta de turismo aventura, el s\u00e1bado 29 y domingo 30 de noviembre, en el Complejo los Baqueanos, en el kil\u00f3metro 2016 de la Ruta Nacional N\u00ba 4 0, de San Carlos de Bariloche.<\/p>\n<p>La fiesta anual del turismo aventura, que cuenta con el acompa\u00f1amiento del Ministerio de Turismo, Cultura y Deporte de R\u00edo Negro, tiene como objetivos inaugurar la temporada tur\u00edstica de verano, dar a conocer la oferta de turismo aventura local y del resto de la provincia de R\u00edo Negro y difundir a Bariloche como \u00abCapital Nacional del Turismo de Aventura\u00bb.<\/p>\n<p>El \u00c1rea de Acciones Promocionales del Ministerio, participar\u00e1 de las dos jornadas de la Semana de la Aventura, con informantes que distribuir\u00e1n folleter\u00eda y brindar\u00e1n asesoramiento sobre los productos y servicios tur\u00edsticos que ofrecen los destinos de la Provincia.<\/p>\n<p>El evento es un festival con un completo programa de actividades al aire libre ideal para toda la familia, que se desarrollar\u00e1 ambos d\u00edas, desde las 12 y hasta las 19, con entrada libre y acceso a dos actividades de turismo aventura por persona.<\/p>\n<p>Se podr\u00e1 disfrutar de paseos en canoas, kayaks, en balsas de rafting o stand up paddle. Habr\u00e1 cabalgatas, palestra de escalada, tirolesa y slackline, entre otras actividades para grandes y chicos. Se realizar\u00e1n muestras de navegaci\u00f3n a vela, pesca, mountain Bike, nataci\u00f3n en aguas abiertas. El programa incluye tambi\u00e9n la llegada de CorreCAX, la carrera de la comisi\u00f3n de auxilio del Club Andino Bariloche, en su tercera edici\u00f3n y 1er fecha del circuito patag\u00f3nico de sup race.<\/p>\n<p>En la Fiesta del Turismo Aventura habr\u00e1, gastronom\u00eda local y se presentar\u00e1n shows en vivo. El evento, ya en su 6ta. edici\u00f3n, fue declarado de inter\u00e9s tur\u00edstico municipal, provincial y nacional. Todas las actividades tendr\u00e1n un marco natural \u00fanico, a orillas del Lago Guti\u00e9rrez, a escasos minutos del centro de la ciudad.<br \/>\nPara m\u00e1s informaci\u00f3n se puede ingresar a www.atap.org.ar o via mail a info@atap.org.ar<\/p>\n<h6>Fuente: El Cordillerano<\/h6>\n","protected":false},"excerpt":{"rendered":"<p>La Asociaci\u00f3n de Turismo Activo de la Patagonia realizar\u00e1 la tradicional fiesta de turismo aventura, el s\u00e1bado 29 y domingo 30 de noviembre, en el Complejo los Baqueanos, en el kil\u00f3metro 2016 de la Ruta Nacional N\u00ba 4 0, de San Carlos de Bariloche. La fiesta anual del turismo aventura, que cuenta con el acompa\u00f1amiento<\/p>\n","protected":false},"author":2,"featured_media":20029,"comment_status":"closed","ping_status":"closed","sticky":false,"template":"","format":"standard","meta":{"footnotes":""},"categories":[47],"tags":[11],"class_list":["post-20027","post","type-post","status-publish","format-standard","has-post-thumbnail","hentry","category-fiestas","tag-rio-negro"],"_links":{"self":[{"href":"http:\/\/argentinamunicipal.com.ar\/argentina\/wp-json\/wp\/v2\/posts\/20027","targetHints":{"allow":["GET"]}}],"collection":[{"href":"http:\/\/argentinamunicipal.com.ar\/argentina\/wp-json\/wp\/v2\/posts"}],"about":[{"href":"http:\/\/argentinamunicipal.com.ar\/argentina\/wp-json\/wp\/v2\/types\/post"}],"author":[{"embeddable":true,"href":"http:\/\/argentinamunicipal.com.ar\/argentina\/wp-json\/wp\/v2\/users\/2"}],"replies":[{"embeddable":true,"href":"http:\/\/argentinamunicipal.com.ar\/argentina\/wp-json\/wp\/v2\/comments?post=20027"}],"version-history":[{"count":0,"href":"http:\/\/argentinamunicipal.com.ar\/argentina\/wp-json\/wp\/v2\/posts\/20027\/revisions"}],"wp:featuredmedia":[{"embeddable":true,"href":"http:\/\/argentinamunicipal.com.ar\/argentina\/wp-json\/wp\/v2\/media\/20029"}],"wp:attachment":[{"href":"http:\/\/argentinamunicipal.com.ar\/argentina\/wp-json\/wp\/v2\/media?parent=20027"}],"wp:term":[{"taxonomy":"category","embeddable":true,"href":"http:\/\/argentinamunicipal.com.ar\/argentina\/wp-json\/wp\/v2\/categories?post=20027"},{"taxonomy":"post_tag","embeddable":true,"href":"http:\/\/argentinamunicipal.com.ar\/argentina\/wp-json\/wp\/v2\/tags?post=20027"}],"curies":[{"name":"wp","href":"https:\/\/api.w.org\/{rel}","templated":true}]}}