{"id":20079,"date":"2014-11-27T09:46:19","date_gmt":"2014-11-27T12:46:19","guid":{"rendered":"http:\/\/argentinamunicipal.com.ar\/argentina\/?p=20079"},"modified":"2014-11-28T08:42:37","modified_gmt":"2014-11-28T11:42:37","slug":"20079","status":"publish","type":"post","link":"http:\/\/argentinamunicipal.com.ar\/argentina\/20079\/","title":{"rendered":"El presidente catal\u00e1n propuso elecciones con lista \u00fanica para separarse de Espa\u00f1a en 18 meses."},"content":{"rendered":"<p><a href=\"http:\/\/argentinamunicipal.com.ar\/argentina\/wp-content\/uploads\/2014\/11\/efe-artur-mas-d-644x362.jpg\"><img loading=\"lazy\" decoding=\"async\" class=\"aligncenter size-full wp-image-20080\" src=\"http:\/\/argentinamunicipal.com.ar\/argentina\/wp-content\/uploads\/2014\/11\/efe-artur-mas-d-644x362.jpg\" alt=\"efe-artur-mas-d--644x362\" width=\"644\" height=\"362\" srcset=\"http:\/\/argentinamunicipal.com.ar\/argentina\/wp-content\/uploads\/2014\/11\/efe-artur-mas-d-644x362.jpg 644w, http:\/\/argentinamunicipal.com.ar\/argentina\/wp-content\/uploads\/2014\/11\/efe-artur-mas-d-644x362-300x168.jpg 300w\" sizes=\"auto, (max-width: 644px) 100vw, 644px\" \/><\/a><br \/>\nEl presidente catal\u00e1n propuso elecciones con lista \u00fanica para separarse de Espa\u00f1a en 18 meses. Dura reacci\u00f3n de Rajoy.<\/p>\n<p>El jefe del Ejecutivo espa\u00f1ol, Mariano Rajoy, acus\u00f3 ayer al presidente catal\u00e1n, Artur Mas, de haber dado \u201cun paso m\u00e1s hacia ninguna parte\u201d proponiendo elecciones anticipadas y un plan de 18 meses para alcanzar la independencia, y lo responsabiliz\u00f3 de la situaci\u00f3n de desgobierno que, a su juicio, vive la regi\u00f3n.<\/p>\n<p>\u201cSe convirti\u00f3 en el presidente de una parte de los catalanes, que es minoritaria, y abandon\u00f3 a la gran mayor\u00eda\u201d, afirm\u00f3 Rajoy en los pasillos del Congreso de los Diputados espa\u00f1ol.<\/p>\n<p>\u201cVa al contrario del mundo, que son procesos de integraci\u00f3n, y el m\u00e1s claro es el de la Uni\u00f3n Europea (UE)\u201d, a\u00f1adi\u00f3, un d\u00eda despu\u00e9s de que el presidente catal\u00e1n presentara su \u201choja de ruta\u201d para llevar a Catalu\u00f1a hacia la independencia tras la consulta soberanista simb\u00f3lica del 9 de noviembre.<\/p>\n<p>Mas abri\u00f3 el martes un nuevo cap\u00edtulo en el conflicto pol\u00edtico entre Catalu\u00f1a y Espa\u00f1a. Propuso un adelanto de las elecciones regionales si los partidos y representantes de organizaciones independentistas logran acordar una lista \u00fanica que, de ganar, tendr\u00eda legitimidad para avanzar hacia la secesi\u00f3n en un plazo de un a\u00f1o y medio.<\/p>\n<p>Seg\u00fan Rajoy, lo que quiere Mas es \u201cobligar a los catalanes a elegir entre su condici\u00f3n de catal\u00e1n y espa\u00f1ol\u201d. Asimismo, advirti\u00f3 sobre la \u201cpreocupante situaci\u00f3n de d\u00e9ficit\u201d catal\u00e1n.<\/p>\n<p>Tambi\u00e9n Pedro S\u00e1nchez, l\u00edder del Partido Socialista Obrero Espa\u00f1ol (Psoe, opositor), lament\u00f3 ayer la posici\u00f3n de Mas, a quien acus\u00f3 de \u201cfracturar a\u00fan m\u00e1s a la sociedad catalana\u201d y record\u00f3 que los socialistas proponen un proyecto de conjunto para Espa\u00f1a y Catalu\u00f1a, que pasa por una reforma de la Constituci\u00f3n en clave federal.<\/p>\n<p>\u201cLleg\u00f3 el momento de usar el \u00fanico instrumento que nos queda para hacer la consulta: las elecciones. No tengo inconveniente en decir que no es el mejor, pero no tenemos opci\u00f3n\u201d, dijo Mas luego de recordar la negativa de Rajoy a negociar un refer\u00e9ndum oficial al estilo de los celebrados en Escocia (Reino Unido) y Quebec (Canad\u00e1).<\/p>\n<h6>Fuente: La Voz del Interior<\/h6>\n","protected":false},"excerpt":{"rendered":"<p>El presidente catal\u00e1n propuso elecciones con lista \u00fanica para separarse de Espa\u00f1a en 18 meses. Dura reacci\u00f3n de Rajoy. El jefe del Ejecutivo espa\u00f1ol, Mariano Rajoy, acus\u00f3 ayer al presidente catal\u00e1n, Artur Mas, de haber dado \u201cun paso m\u00e1s hacia ninguna parte\u201d proponiendo elecciones anticipadas y un plan de 18 meses para alcanzar la independencia,<\/p>\n","protected":false},"author":2,"featured_media":20080,"comment_status":"closed","ping_status":"closed","sticky":false,"template":"","format":"standard","meta":{"footnotes":""},"categories":[22],"tags":[57],"class_list":["post-20079","post","type-post","status-publish","format-standard","has-post-thumbnail","hentry","category-el-mundo","tag-el-mundo"],"_links":{"self":[{"href":"http:\/\/argentinamunicipal.com.ar\/argentina\/wp-json\/wp\/v2\/posts\/20079","targetHints":{"allow":["GET"]}}],"collection":[{"href":"http:\/\/argentinamunicipal.com.ar\/argentina\/wp-json\/wp\/v2\/posts"}],"about":[{"href":"http:\/\/argentinamunicipal.com.ar\/argentina\/wp-json\/wp\/v2\/types\/post"}],"author":[{"embeddable":true,"href":"http:\/\/argentinamunicipal.com.ar\/argentina\/wp-json\/wp\/v2\/users\/2"}],"replies":[{"embeddable":true,"href":"http:\/\/argentinamunicipal.com.ar\/argentina\/wp-json\/wp\/v2\/comments?post=20079"}],"version-history":[{"count":0,"href":"http:\/\/argentinamunicipal.com.ar\/argentina\/wp-json\/wp\/v2\/posts\/20079\/revisions"}],"wp:featuredmedia":[{"embeddable":true,"href":"http:\/\/argentinamunicipal.com.ar\/argentina\/wp-json\/wp\/v2\/media\/20080"}],"wp:attachment":[{"href":"http:\/\/argentinamunicipal.com.ar\/argentina\/wp-json\/wp\/v2\/media?parent=20079"}],"wp:term":[{"taxonomy":"category","embeddable":true,"href":"http:\/\/argentinamunicipal.com.ar\/argentina\/wp-json\/wp\/v2\/categories?post=20079"},{"taxonomy":"post_tag","embeddable":true,"href":"http:\/\/argentinamunicipal.com.ar\/argentina\/wp-json\/wp\/v2\/tags?post=20079"}],"curies":[{"name":"wp","href":"https:\/\/api.w.org\/{rel}","templated":true}]}}