{"id":20193,"date":"2014-11-29T09:22:45","date_gmt":"2014-11-29T12:22:45","guid":{"rendered":"http:\/\/argentinamunicipal.com.ar\/argentina\/?p=20193"},"modified":"2014-11-29T09:22:45","modified_gmt":"2014-11-29T12:22:45","slug":"anuncia-obra-de-acueducto-de-seis-millones-de-inversion-en-vinchina","status":"publish","type":"post","link":"http:\/\/argentinamunicipal.com.ar\/argentina\/anuncia-obra-de-acueducto-de-seis-millones-de-inversion-en-vinchina\/","title":{"rendered":"Anuncia obra de acueducto de seis millones de inversi\u00f3n en Vinchina"},"content":{"rendered":"<p><a href=\"http:\/\/argentinamunicipal.com.ar\/argentina\/wp-content\/uploads\/2014\/11\/Vinchina-2.jpg\"><img loading=\"lazy\" decoding=\"async\" class=\"alignleft size-full wp-image-20194\" src=\"http:\/\/argentinamunicipal.com.ar\/argentina\/wp-content\/uploads\/2014\/11\/Vinchina-2.jpg\" alt=\"Vinchina-2\" width=\"512\" height=\"241\" srcset=\"http:\/\/argentinamunicipal.com.ar\/argentina\/wp-content\/uploads\/2014\/11\/Vinchina-2.jpg 512w, http:\/\/argentinamunicipal.com.ar\/argentina\/wp-content\/uploads\/2014\/11\/Vinchina-2-300x141.jpg 300w\" sizes=\"auto, (max-width: 512px) 100vw, 512px\" \/><\/a>El gobernador Luis Beder Herrera visit\u00f3 San Jos\u00e9 de Vinchina y junto al diputado provincial Ariel Oviedo, inaugur\u00f3 una terminal de Autoconsulta de ANSeS y anunciaron el pr\u00f3ximo inicio de la obra del acueducto que beneficiar\u00e1 a 250 hogares del barrio Los Troyanos, que por su altitud no contaban con agua potable. Tambi\u00e9n verific\u00f3 las obras en construcci\u00f3n del Instituto de Formaci\u00f3n Docente y el jard\u00edn de infantes de Vinchina.<\/p>\n<p>Destac\u00f3 la labor del diputado Oviedo en la ejecuci\u00f3n de soluciones habitacionales y la valorizaci\u00f3n de la vivienda para sus propietarios.<\/p>\n<p>&nbsp;<\/p>\n<p>El mandatario provincial arrib\u00f3 a Vinchina minutos antes de las diez de la ma\u00f1ana e inmediatamente inici\u00f3 la agenda de trabajo junto al diputado provincial Ariel Oviedo. En la ocasi\u00f3n verific\u00f3 el avance de las obras de mejoramientos y soluciones habitacionales que lleva adelante el legislador. En primer t\u00e9rmino visit\u00f3 la vivienda de Noem\u00ed Roble, don Am\u00e9rico Gait\u00e1n y por \u00faltimo la de la familia Almonacid- Cardozo.<\/p>\n<p>&nbsp;<\/p>\n<p>El diputado provincial tiene en plena ejecuci\u00f3n y con distintos grados de avances diez soluciones habitacionales y los materiales para dar inicio a otros cuatro m\u00e1s. El mandatario provincial destac\u00f3 \u201cque le haga valorizar a la gente la importancia de su vivienda. Que trabajen y pongan su parte ayudando en la construcci\u00f3n, habla del esfuerzo y sacrificio y es un gran valor para transmitir a los hijos y la familia\u201d, remarc\u00f3 Beder Herrera al conversar con los beneficiarios y con el diputado quienes le explicaron la modalidad de trabajo. En cada caso, las familias colaboran con las tareas de la obra y en la \u00faltima familia, los integrantes de la comisi\u00f3n del club Central Las Piedritas de Vinchina colaboran con la familia con mano de obra.<\/p>\n<p>&nbsp;<\/p>\n<p>Posteriormente visit\u00f3 las instalaciones del club central Vinchina \u201cLas Piedritas\u201d, una obra que se viene ejecutando por gestiones de Oviedo, con el apoyo del Gobernador y el esfuerzo y la colaboraci\u00f3n de las autoridades de la entidad. Actualmente, el mandatario constat\u00f3 los avances en el techo del tinglado. El presidente del club, Mario P\u00e1ez y los miembros de la comisi\u00f3n directiva dialogaron con Beder Herrera y solicitaron la colaboraci\u00f3n para seguir avanzando en proyectos de la entidad.<\/p>\n<p>&nbsp;<\/p>\n<p>A continuaci\u00f3n, el Gobernador constat\u00f3 el edificio del profesorado que se construye en la localidad de Vinchina. La construcci\u00f3n se detuvo y ahora se proseguir\u00e1 con el compromiso del mandatario con el techo del edificio para avanzar en la obra cuyo financiamiento nacional se encuentra demorado.<\/p>\n<p>&nbsp;<\/p>\n<p>Luego, recorri\u00f3 la obra en construcci\u00f3n del jard\u00edn de Infantes que cuenta con financiamiento nacional y presenta un avance del 30 por ciento. El jard\u00edn es construido por la empresa RADAR Compa\u00f1\u00eda constructora y se prev\u00e9 finalizarla a mediados del 2015.<\/p>\n<p>&nbsp;<\/p>\n<h3>Acueducto<\/h3>\n<p>&nbsp;<\/p>\n<p>El mandatario provincial junto al diputado Ariel Oviedo y el titular del IPALAR Juan Velardez, anunci\u00f3 el inicio de la obra del acueducto que beneficiar\u00e1 al barrio Los Troyanos de Vinchina. La obra demandar\u00e1 una inversi\u00f3n de seis millones de pesos aportados por el Gobierno nacional.<\/p>\n<p>&nbsp;<\/p>\n<p>\u201cEs una obra de agua potable de poco m\u00e1s de\u00a0cuatro kil\u00f3metros que va por la parte oeste de la ciudad que es la zona m\u00e1s alta. Esos barrios no tienen agua potable porque est\u00e1n en una zona alta pero les vamos a dar esta soluci\u00f3n definitiva y a reacondicionar la planta de agua potable. No es una obra menor y el agua es primordial. Se invertir\u00e1n seis millones de pesos y ya la semana que viene traen las m\u00e1quinas y comienzan a trabajar\u201d, anunci\u00f3 el Gobernador.<\/p>\n<p>&nbsp;<\/p>\n<p>Record\u00f3 que \u201ces una obra que vienen reclamando desde hace mucho tiempo y era necesaria por la cantidad de viviendas que se van ampliando\u201d dijo y acot\u00f3 que \u201cme dice el compa\u00f1ero Ariel Oviedo que llevamos en esta gesti\u00f3n de mi gobierno 700 viviendas construidas. Es un avance extraordinario que se logr\u00f3 en Vinchina\u201d.<\/p>\n<p>&nbsp;<\/p>\n<p>El titular de IPALAR, Juan Velardez detall\u00f3 que la obra es un acueducto que abastecer\u00e1 a la zona alta de Vinchina especialmente en esta etapa al barrio los Troyanos. \u201cTiene 4.100 metros de tuber\u00edas desde la planta. Es una obra necesaria y el gobernador ha conseguido hace unos d\u00edas el financiamiento nacional a trav\u00e9s del ENOHSA\u201d.<\/p>\n<p>&nbsp;<\/p>\n<p>Velardez precis\u00f3 que la semana que viene comenzar\u00e1n los trabajos del acueducto que beneficiar\u00e1 con agua potable a las 250 conexiones del barrio Los Troyanos pero a futuro permitir\u00e1 realizarle derivaciones hacia el resto de la ciudad aprovechando la pendiente. \u201cEs una obra que estar\u00e1 ejecutada en unos 20 d\u00edas, se realiza la prueba hidr\u00e1ulica y el empalme al sistema actual. En un mes la estaremos inaugurando\u201d, puntualiz\u00f3.<\/p>\n<p>&nbsp;<\/p>\n<h3>Terminal de Autoconsulta de ANSES<\/h3>\n<p>&nbsp;<\/p>\n<p>El mandatario provincial dej\u00f3 formalmente inaugurada la terminal de autoconsulta de ANSES en Vinchina que funciona en la oficina del diputado Oviedo con atenci\u00f3n permanente al p\u00fablico.<\/p>\n<p>&nbsp;<\/p>\n<p>\u201cHa sido un acierto nombrar a Ricardo Herrera que junto con la compa\u00f1era Sandra Vanni han revolucionado ANSeS, est\u00e1n en toda la provincia solucionando los problemas a la gente, jubilando a miles de personas\u201d, destac\u00f3 el Gobernador al felicitar personalmente al coordinador de la regi\u00f3n Oeste de ANSeS Ricardo Herrera que junto a la titular de ANSeS UDAI La Rioja Sandra Vanni encararon una gesti\u00f3n con fuerte presencia en toda la provincia.<\/p>\n<p>&nbsp;<\/p>\n<p>A modo de ejemplo, Beder Herrera explic\u00f3 que \u201ccuando ingresamos en el 2003 ten\u00edamos 30 mil jubilados y ahora llegamos a m\u00e1s de 60 mil\u201d y ampli\u00f3 que \u201ctodo eso sin contar lo que significa ANSeS en t\u00e9rminos de PROCREAR, Progresar, las asignaciones familiares y universales. Es una labor maravillosa de ANSeS y de nuestra Presidenta\u201d.<\/p>\n<p>&nbsp;<\/p>\n<p>Asimismo, ponder\u00f3 que \u201ctener ANSeS en el ultimo departamento de la provincia, que es la puerta de salida a Chile es una presencia federal que hay y especialmente es un servicio y una comodidad para la gente\u201d.<\/p>\n<p>&nbsp;<\/p>\n<p>Por su parte, el coordinador de la regi\u00f3n Oeste de ANSeS, Ricardo Herrera resalt\u00f3 la importancia de que el pueblo de Vinchina cuenta con la terminal de autoconsulta \u201cesto soluciona los inconvenientes de tener que trasladarse a Villa Uni\u00f3n o Chilecito para realizar tr\u00e1mites. Ahora los podr\u00e1n hacer ac\u00e1\u201d, destac\u00f3.<\/p>\n<p>&nbsp;<\/p>\n<p>\u201cEs una mirada inclusiva de la Naci\u00f3n y la Provincia, trabajando y preocup\u00e1ndose de que los servicios lleguen a los lugares mas rec\u00f3nditos\u201d, remarc\u00f3.<\/p>\n<p>&nbsp;<\/p>\n<p>La terminal de autoconsulta funciona en la oficina del diputado Oviedo y permanecer\u00e1 disponible con el asesoramiento primario de personal que de manera permanente receptar\u00e1 los tr\u00e1mites.<\/p>\n<p>&nbsp;<\/p>\n<h3>\u201cQuer\u00edamos que viera c\u00f3mo estamos trabajando\u201d<\/h3>\n<p>&nbsp;<\/p>\n<p>El diputado provincial Ariel Oviedo expres\u00f3 su agradecimiento al gobernador Beder Herrera por la visita, al titular de IPALAR por las gestiones para el acueducto y a Ricardo Herrera por la habilitaci\u00f3n de la terminal de ANSES.<\/p>\n<p>&nbsp;<\/p>\n<p>\u201cSaber que en una semana se va a comenzar a trabajar en la obra del acueducto que llevar\u00e1 soluci\u00f3n del agua a las familias es importante y queremos agradecer por eso\u201d, indic\u00f3 Oviedo.<\/p>\n<p>&nbsp;<\/p>\n<p>Asimismo, destac\u00f3 que se encuentra ejecutando 10 mejoramientos habitacionales \u201ctome un poco su ense\u00f1anza de darle valor a la vivienda. Hacemos una modalidad que nosotros le damos el material y con el granito de arena que aportan las familias se pueden hacer cosas mejores\u201d.<\/p>\n<p>&nbsp;<\/p>\n<p>Remarc\u00f3 la fuerte pol\u00edtica habitacional y record\u00f3 que \u201cen Vinchina se han construido en su periodo de Gobierno casi 700 viviendas\u201d y ampli\u00f3 que \u201cestas nuevas soluciones que estamos haciendo es para dar respuestas a la demanda de las nuevas familias y de los j\u00f3venes\u201d.<\/p>\n<p>&nbsp;<\/p>\n<p>Asimismo destac\u00f3 la importancia de las obras de infraestructura escolar del profesorado y del jard\u00edn de infantes. \u201cson importantes y necesarias para nuestro pueblo\u201d, evalu\u00f3 el legislador.<\/p>\n<p>&nbsp;<\/p>\n<p>Por \u00faltimo agradeci\u00f3 a Herrera de ANSeS y consider\u00f3 que \u201ces fundamental que nuestro pueblo cuente con la terminal para hacer los tr\u00e1mites y consultas y no tengan que viajar con los inconvenientes y costos que eso demanda\u201d.<\/p>\n<p>&nbsp;<\/p>\n<p>Finalmente, afirm\u00f3 que \u201cquer\u00edamos que venga a visitarnos y que vea que los recursos est\u00e1n puestos en beneficio de la gente, es mostrar con hechos la rendici\u00f3n de cuentas y que podamos seguir trabajando\u201d.<\/p>\n<h6>Fuente: El Independiente<\/h6>\n","protected":false},"excerpt":{"rendered":"<p>El gobernador Luis Beder Herrera visit\u00f3 San Jos\u00e9 de Vinchina y junto al diputado provincial Ariel Oviedo, inaugur\u00f3 una terminal de Autoconsulta de ANSeS y anunciaron el pr\u00f3ximo inicio de la obra del acueducto que beneficiar\u00e1 a 250 hogares del barrio Los Troyanos, que por su altitud no contaban con agua potable. Tambi\u00e9n verific\u00f3 las<\/p>\n","protected":false},"author":2,"featured_media":20194,"comment_status":"closed","ping_status":"closed","sticky":false,"template":"","format":"standard","meta":{"footnotes":""},"categories":[2],"tags":[26],"class_list":["post-20193","post","type-post","status-publish","format-standard","has-post-thumbnail","hentry","category-informe-municipal","tag-la-rioja"],"_links":{"self":[{"href":"http:\/\/argentinamunicipal.com.ar\/argentina\/wp-json\/wp\/v2\/posts\/20193","targetHints":{"allow":["GET"]}}],"collection":[{"href":"http:\/\/argentinamunicipal.com.ar\/argentina\/wp-json\/wp\/v2\/posts"}],"about":[{"href":"http:\/\/argentinamunicipal.com.ar\/argentina\/wp-json\/wp\/v2\/types\/post"}],"author":[{"embeddable":true,"href":"http:\/\/argentinamunicipal.com.ar\/argentina\/wp-json\/wp\/v2\/users\/2"}],"replies":[{"embeddable":true,"href":"http:\/\/argentinamunicipal.com.ar\/argentina\/wp-json\/wp\/v2\/comments?post=20193"}],"version-history":[{"count":0,"href":"http:\/\/argentinamunicipal.com.ar\/argentina\/wp-json\/wp\/v2\/posts\/20193\/revisions"}],"wp:featuredmedia":[{"embeddable":true,"href":"http:\/\/argentinamunicipal.com.ar\/argentina\/wp-json\/wp\/v2\/media\/20194"}],"wp:attachment":[{"href":"http:\/\/argentinamunicipal.com.ar\/argentina\/wp-json\/wp\/v2\/media?parent=20193"}],"wp:term":[{"taxonomy":"category","embeddable":true,"href":"http:\/\/argentinamunicipal.com.ar\/argentina\/wp-json\/wp\/v2\/categories?post=20193"},{"taxonomy":"post_tag","embeddable":true,"href":"http:\/\/argentinamunicipal.com.ar\/argentina\/wp-json\/wp\/v2\/tags?post=20193"}],"curies":[{"name":"wp","href":"https:\/\/api.w.org\/{rel}","templated":true}]}}