{"id":20231,"date":"2014-11-29T10:07:56","date_gmt":"2014-11-29T13:07:56","guid":{"rendered":"http:\/\/argentinamunicipal.com.ar\/argentina\/?p=20231"},"modified":"2014-11-29T10:07:56","modified_gmt":"2014-11-29T13:07:56","slug":"deforestacion-causa-pobreza-los-indigenas-del-paraguay","status":"publish","type":"post","link":"http:\/\/argentinamunicipal.com.ar\/argentina\/deforestacion-causa-pobreza-los-indigenas-del-paraguay\/","title":{"rendered":"Deforestaci\u00f3n causa pobreza a los ind\u00edgenas del Paraguay"},"content":{"rendered":"<p>La agricultura intensiva dej\u00f3 sin recursos naturales a una buena parte de la poblaci\u00f3n ind\u00edgena.<\/p>\n<p>La extrema pobreza de las etnias ind\u00edgenas de Paraguay se debe en gran parte a la deforestaci\u00f3n que dio paso a la agricultura intensiva pero dej\u00f3 sin recursos alimenticios naturales a las comunidades, dijo el viernes una delegada de las Naciones Unidas.<\/p>\n<p>La relatora especial sobre los Derechos de los Pueblos Ind\u00edgenas, la filipina Victoria Tauli-Corpuz, especific\u00f3 en conferencia de prensa que el crecimiento econ\u00f3mico que experimenta Paraguay \u00abes a expensas de la destrucci\u00f3n de ecosistemas como los bosques y r\u00edos\u00bb.<\/p>\n<p>En 2013 la econom\u00eda creci\u00f3 14% siendo la carne vacuna, soja, girasol y ma\u00edz sus principales productos. El Banco Central estim\u00f3 que el crecimiento de 2014 ser\u00eda de 4,5%.<\/p>\n<p>En Paraguay, con una poblaci\u00f3n de 6,5 millones de habitantes, existen 20 etnias con una poblaci\u00f3n total de 110.000 individuos, seg\u00fan el censo nacional de 2010, que adem\u00e1s revel\u00f3 que la pobreza es de 38% y dentro de esa franja la indigencia es de 18%.<\/p>\n<h6>Fuente: MDZ Online<\/h6>\n","protected":false},"excerpt":{"rendered":"<p>La agricultura intensiva dej\u00f3 sin recursos naturales a una buena parte de la poblaci\u00f3n ind\u00edgena. La extrema pobreza de las etnias ind\u00edgenas de Paraguay se debe en gran parte a la deforestaci\u00f3n que dio paso a la agricultura intensiva pero dej\u00f3 sin recursos alimenticios naturales a las comunidades, dijo el viernes una delegada de las<\/p>\n","protected":false},"author":2,"featured_media":0,"comment_status":"closed","ping_status":"closed","sticky":false,"template":"","format":"standard","meta":{"footnotes":""},"categories":[22],"tags":[57],"class_list":["post-20231","post","type-post","status-publish","format-standard","hentry","category-el-mundo","tag-el-mundo"],"_links":{"self":[{"href":"http:\/\/argentinamunicipal.com.ar\/argentina\/wp-json\/wp\/v2\/posts\/20231","targetHints":{"allow":["GET"]}}],"collection":[{"href":"http:\/\/argentinamunicipal.com.ar\/argentina\/wp-json\/wp\/v2\/posts"}],"about":[{"href":"http:\/\/argentinamunicipal.com.ar\/argentina\/wp-json\/wp\/v2\/types\/post"}],"author":[{"embeddable":true,"href":"http:\/\/argentinamunicipal.com.ar\/argentina\/wp-json\/wp\/v2\/users\/2"}],"replies":[{"embeddable":true,"href":"http:\/\/argentinamunicipal.com.ar\/argentina\/wp-json\/wp\/v2\/comments?post=20231"}],"version-history":[{"count":0,"href":"http:\/\/argentinamunicipal.com.ar\/argentina\/wp-json\/wp\/v2\/posts\/20231\/revisions"}],"wp:attachment":[{"href":"http:\/\/argentinamunicipal.com.ar\/argentina\/wp-json\/wp\/v2\/media?parent=20231"}],"wp:term":[{"taxonomy":"category","embeddable":true,"href":"http:\/\/argentinamunicipal.com.ar\/argentina\/wp-json\/wp\/v2\/categories?post=20231"},{"taxonomy":"post_tag","embeddable":true,"href":"http:\/\/argentinamunicipal.com.ar\/argentina\/wp-json\/wp\/v2\/tags?post=20231"}],"curies":[{"name":"wp","href":"https:\/\/api.w.org\/{rel}","templated":true}]}}