{"id":20275,"date":"2014-12-01T08:00:16","date_gmt":"2014-12-01T11:00:16","guid":{"rendered":"http:\/\/argentinamunicipal.com.ar\/argentina\/?p=20275"},"modified":"2014-12-01T09:06:40","modified_gmt":"2014-12-01T12:06:40","slug":"municipales-de-tinogasta-volverian-al-paro","status":"publish","type":"post","link":"http:\/\/argentinamunicipal.com.ar\/argentina\/municipales-de-tinogasta-volverian-al-paro\/","title":{"rendered":"Municipales de Tinogasta volver\u00edan al paro"},"content":{"rendered":"<div id=\"attachment_20276\" style=\"width: 374px\" class=\"wp-caption alignleft\"><a href=\"http:\/\/argentinamunicipal.com.ar\/argentina\/wp-content\/uploads\/2014\/12\/f620x0-21148_21166_31.jpg\"><img loading=\"lazy\" decoding=\"async\" aria-describedby=\"caption-attachment-20276\" class=\" wp-image-20276\" src=\"http:\/\/argentinamunicipal.com.ar\/argentina\/wp-content\/uploads\/2014\/12\/f620x0-21148_21166_31.jpg\" alt=\"DELEGADO. H\u00c9CTOR RAM\u00cdREZ.\" width=\"364\" height=\"273\" srcset=\"http:\/\/argentinamunicipal.com.ar\/argentina\/wp-content\/uploads\/2014\/12\/f620x0-21148_21166_31.jpg 620w, http:\/\/argentinamunicipal.com.ar\/argentina\/wp-content\/uploads\/2014\/12\/f620x0-21148_21166_31-300x225.jpg 300w\" sizes=\"auto, (max-width: 364px) 100vw, 364px\" \/><\/a><p id=\"caption-attachment-20276\" class=\"wp-caption-text\">DELEGADO. H\u00c9CTOR RAM\u00cdREZ.<\/p><\/div>\n<p>En la jurisdicci\u00f3n de Tinogasta son alrededor de 170 empleados que se distribuyen entre la Secretar\u00eda de Obras P\u00fablicas, Recursos H\u00eddricos y la Divisi\u00f3n del Agua del Interior (DASI).<\/p>\n<p>El pr\u00f3ximo lunes se cumple el per\u00edodo de conciliaci\u00f3n obligatoria dictado ante el conflicto salarial entre la Municipalidad de Tinogasta y los empleados municipales. Desde el gremio de ATE anticiparon que retomar\u00edan las medidas de fuerza, salvo que surja una respuesta favorable a su demanda por un incremento de sueldos.<\/p>\n<p>\u00abTinogasta lleva la moci\u00f3n de que si no hay respuestas favorables se va a paro. Le pido a nuestro secretario general, Arnoldo N\u00fa\u00f1ez, y a todos los secretarios generales que dejemos de lado los egos personales y luchemos por los defendidos nuestros, la gente que nos deposit\u00f3 confianza para conseguirles un digno sueldo y salario\u201d, dijo H\u00e9ctor Ram\u00edrez, delegado de ATE Tinogasta.<\/p>\n<p>En la jurisdicci\u00f3n de Tinogasta son alrededor de 170 empleados que se distribuyen entre la Secretar\u00eda de Obras P\u00fablicas, Recursos H\u00eddricos y la Divisi\u00f3n del Agua del Interior (DASI).<\/p>\n<p>Ante un eventual paro, los servicios m\u00e1s afectados ser\u00edan los relacionados con la limpieza de canales, tomas de agua y el mantenimiento del servicio de agua potable y cloacas. \u00a0\u00abYa nos dijeron que no hay nada. Todas las anteriores reuniones nos hicieron ir para decirnos lo mismo. Y no cumplieron con nada\u00bb, subray\u00f3 Ram\u00edrez.<\/p>\n<h6>Fuente: El Ancasti<\/h6>\n","protected":false},"excerpt":{"rendered":"<p>En la jurisdicci\u00f3n de Tinogasta son alrededor de 170 empleados que se distribuyen entre la Secretar\u00eda de Obras P\u00fablicas, Recursos H\u00eddricos y la Divisi\u00f3n del Agua del Interior (DASI). El pr\u00f3ximo lunes se cumple el per\u00edodo de conciliaci\u00f3n obligatoria dictado ante el conflicto salarial entre la Municipalidad de Tinogasta y los empleados municipales. Desde el<\/p>\n","protected":false},"author":2,"featured_media":20276,"comment_status":"closed","ping_status":"closed","sticky":false,"template":"","format":"standard","meta":{"footnotes":""},"categories":[7],"tags":[16],"class_list":["post-20275","post","type-post","status-publish","format-standard","has-post-thumbnail","hentry","category-informe-sindical","tag-catamarca"],"_links":{"self":[{"href":"http:\/\/argentinamunicipal.com.ar\/argentina\/wp-json\/wp\/v2\/posts\/20275","targetHints":{"allow":["GET"]}}],"collection":[{"href":"http:\/\/argentinamunicipal.com.ar\/argentina\/wp-json\/wp\/v2\/posts"}],"about":[{"href":"http:\/\/argentinamunicipal.com.ar\/argentina\/wp-json\/wp\/v2\/types\/post"}],"author":[{"embeddable":true,"href":"http:\/\/argentinamunicipal.com.ar\/argentina\/wp-json\/wp\/v2\/users\/2"}],"replies":[{"embeddable":true,"href":"http:\/\/argentinamunicipal.com.ar\/argentina\/wp-json\/wp\/v2\/comments?post=20275"}],"version-history":[{"count":0,"href":"http:\/\/argentinamunicipal.com.ar\/argentina\/wp-json\/wp\/v2\/posts\/20275\/revisions"}],"wp:featuredmedia":[{"embeddable":true,"href":"http:\/\/argentinamunicipal.com.ar\/argentina\/wp-json\/wp\/v2\/media\/20276"}],"wp:attachment":[{"href":"http:\/\/argentinamunicipal.com.ar\/argentina\/wp-json\/wp\/v2\/media?parent=20275"}],"wp:term":[{"taxonomy":"category","embeddable":true,"href":"http:\/\/argentinamunicipal.com.ar\/argentina\/wp-json\/wp\/v2\/categories?post=20275"},{"taxonomy":"post_tag","embeddable":true,"href":"http:\/\/argentinamunicipal.com.ar\/argentina\/wp-json\/wp\/v2\/tags?post=20275"}],"curies":[{"name":"wp","href":"https:\/\/api.w.org\/{rel}","templated":true}]}}