{"id":20305,"date":"2014-12-01T09:57:45","date_gmt":"2014-12-01T12:57:45","guid":{"rendered":"http:\/\/argentinamunicipal.com.ar\/argentina\/?p=20305"},"modified":"2014-12-01T09:57:45","modified_gmt":"2014-12-01T12:57:45","slug":"entregaron-42-viviendas-familias-de-san-antonio-oeste","status":"publish","type":"post","link":"http:\/\/argentinamunicipal.com.ar\/argentina\/entregaron-42-viviendas-familias-de-san-antonio-oeste\/","title":{"rendered":"Entregaron 42 viviendas a familias de\u00a0San Antonio Oeste"},"content":{"rendered":"<p><a href=\"http:\/\/argentinamunicipal.com.ar\/argentina\/wp-content\/uploads\/2014\/12\/imagen.jpg\"><img loading=\"lazy\" decoding=\"async\" class=\"aligncenter wp-image-20306 size-full\" src=\"http:\/\/argentinamunicipal.com.ar\/argentina\/wp-content\/uploads\/2014\/12\/imagen.jpg\" alt=\"las grutas - vistas SAO aniversario   05-07-11  Fotos : MArtin Brun\" width=\"700\" height=\"469\" srcset=\"http:\/\/argentinamunicipal.com.ar\/argentina\/wp-content\/uploads\/2014\/12\/imagen.jpg 700w, http:\/\/argentinamunicipal.com.ar\/argentina\/wp-content\/uploads\/2014\/12\/imagen-300x201.jpg 300w\" sizes=\"auto, (max-width: 700px) 100vw, 700px\" \/><\/a><\/p>\n<p>El gobernador de R\u00edo Negro, Alberto Weretilneck, presidi\u00f3 hoy la entrega de 42 viviendas a familias de San Antonio Oeste. La construcci\u00f3n de las mismas signific\u00f3 un monto total de inversi\u00f3n de casi $13.000.000.<\/p>\n<p>La obra fue ejecutada por el Instituto de Planificaci\u00f3n y Promoci\u00f3n de la Vivienda (IPPV), en el marco del Programa Federal Plurianual de Construcci\u00f3n de Viviendas Reconvertido. La empresa a cargo fue Oriente Construcciones S.A.<\/p>\n<p>La misma tuvo un monto de inversi\u00f3n total $12.809.732, de los cuales la Naci\u00f3n aport\u00f3 $10.043.943, el Sub Programa de infraestructura de Naci\u00f3n $1.840.662, y el Gobierno provincial destin\u00f3 $ 925.127.<\/p>\n<p>Acompa\u00f1aron al Gobernador Weretilneck el intendente local, Javier Iud; la interventora del Instituto de Promoci\u00f3n y Planificaci\u00f3n de la Vivienda (IPPV), Mar\u00eda Luisa Scandroglio; la legisladora provincial, Marilin Gemignani, representantes de la empresa Oriente S.A. dem\u00e1s autoridades, beneficiarios y p\u00fablico en general.<\/p>\n<p>En este marco, el gobernador de R\u00edo Negro, Alberto Weretilneck, en primer t\u00e9rmino record\u00f3 que \u201cla empresa que hab\u00eda ganado la licitaci\u00f3n no quiso hacer las viviendas, y este compromiso lo asumi\u00f3 y cumpli\u00f3 la empresa Oriente S.A. a la que quiero felicitar por los trabajos\u201d.<\/p>\n<p>El Mandatario se dirigi\u00f3 a los adjudicatarios indicando que \u201cvenimos a compartir la alegr\u00eda de ustedes y la satisfacci\u00f3n de haber logrado este objetivo. Un problema que tenemos no s\u00f3lo en Argentina sino en todos los pa\u00edses, es c\u00f3mo los trabajadores puedan acceder al suelo o a la vivienda. Hay gente que se pasa la vida luchando por ello y no lo puede lograr y hay gente que lo puede resolver\u201d.<\/p>\n<p>Explic\u00f3 al respecto que \u201ces importante para esto el asociarse, juntarse, entender que el tema de la vivienda no se resuelve individualmente sino grupalmente, algunos con cooperativas, otros con consorcios, con sindicatos, con participaci\u00f3n provincial y municipal, pero el tema de la vivienda se resuelve con solidaridad, con compa\u00f1erismo y con confianza\u201d.<\/p>\n<p>Asimismo el Mandatario expres\u00f3 que \u201custedes si hoy pueden tener sus hogares primero es porque se han unido, segundo han identificado el problema entre todos y tercero han encontrado el eco en la Municipalidad que cedi\u00f3 gratuitamente los terrenos, y por otro lado han tenido la confianza en las instituciones, la Provincia, la Municipalidad, en la Naci\u00f3n\u201d.<\/p>\n<p>\u201cCuando uno habla de viviendas no s\u00f3lo piensa en lo material, ni en los metros cuadrados, sino en lo que va a pasar aqu\u00ed, veo muchos chicos y uno se imagina que este es el lugar donde ustedes van a educar y criar a sus hijos, pero uno se imagina que alg\u00fan d\u00eda estos ni\u00f1os van a formar sus propios hogares, entonces uno se planta en el d\u00eda de hoy que es la casa de los chicos y el d\u00eda de ma\u00f1ana ser\u00e1 la casa de los abuelos\u201d, destac\u00f3.<\/p>\n<p>El Gobernador Weretilneck indic\u00f3 que \u201cla construcci\u00f3n de un hogar es la consecuencia de algo tan hermoso como el amor, porque lo primero hermoso que nos da el amor es el matrimonio y luego los hijos, y despu\u00e9s de todo eso viene una gran necesidad como es el hogar. Entonces, para ustedes sabemos que es un momento hermoso, de mucha alegr\u00eda, y lo \u00fanico a que aspiramos es que sean felices, m\u00e1s de lo que lo son hoy en este lugar, y que fundamentalmente se cuiden porque nadie va a hacer por este barrio lo que ustedes mismos no puedan hacer, porque lo suceda en estas calles, en estos patios, lo buenos vecinos que sean protegi\u00e9ndose , cuid\u00e1ndose ayud\u00e1ndose, eso no se los va a dar nadie m\u00e1s\u201d.<\/p>\n<p>\u201cSi este barrio va a ser el que ustedes so\u00f1aron, si estos hogares van a ser los que ustedes so\u00f1aron, depender\u00e1 que ustedes sigan siendo lo que han sido hasta ahora, un grupo humano, social, de compa\u00f1eros de trabajo, y esto es a lo que nosotros aspiramos\u201d, remarc\u00f3.<\/p>\n<p>Finalmente, el gobernador de la pProvincia, Alberto Weretilneck, asegur\u00f3 que \u201cquiero fundamentalmente compartir la alegr\u00eda junto a ustedes y desearles de todo coraz\u00f3n que sean felices, que puedan construir y consolidar la familia, y que alg\u00fan d\u00eda puedan decir aqu\u00ed en este lugar fuimos todo lo felices que quisimos ser y aqu\u00ed dimos e hicimos por nuestros hijos lo que toda la vida so\u00f1amos, que sean personas felices, que se desempe\u00f1en en la vida con total libertad y tranquilidad\u201d.<\/p>\n<p>Detalle de las viviendas<\/p>\n<p>El complejo habitacional est\u00e1 constituido por un conjunto de viviendas apareadas en planta baja, con posibilidades de crecimiento e ingreso vehicular. La superficie cubierta es de 48,96 m2.<\/p>\n<p>Las viviendas est\u00e1n conformadas por estar-comedor, dos dormitorios, ba\u00f1o y cocina con lavadero incluido.<\/p>\n<p>El sistema constructivo es tradicional, de mamposter\u00eda de ladrillos cer\u00e1micos huecos, revoques a la cal, cubierta de chapa galvanizada y cielorraso suspendido de roca de yeso.<\/p>\n<p>Los pisos son de cer\u00e1mico esmaltados en todos los ambientes, revestimiento de ceramios en cocina \u2013 lavadero y ba\u00f1o.<\/p>\n<p>La carpinter\u00eda exterior: las ventanas son de Aluminio Color blanco, la puerta de ingreso es chapa met\u00e1lica y puertas placa pintadas para el interior.<\/p>\n<p>Cuentan con instalaci\u00f3n completa de agua fr\u00eda y caliente, el\u00e9ctrica y de gas, artefactos sanitarios (lavatorio e inodoro), recept\u00e1culo de ducha, pileta de lavadero y mesada granito natural con pileta de cocina y con las griter\u00edas correspondientes para cada artefacto.<\/p>\n<p>La pintura es l\u00e1tex para interiores y exteriores, y sint\u00e9tico en carpinter\u00edas met\u00e1licas exteriores e interiores.<\/p>\n<p>Las veredas perimetrales y municipal es de hormig\u00f3n fratasado. La Infraestructura del Conjunto est\u00e1 constituida por Apertura y enripiado de calles, Cordones cuneta y badenes, Red de Alumbrado P\u00fablico y Particular, Red de Agua, Red de Gas y Red de Cloaca.<\/p>\n<p>El plan cuenta con dos viviendas adaptadas para capacidades diferentes motrices, equipadas con la totalidad de los accesorios para tal fin para la totalidad del plan.<\/p>\n<h6>Fuente: ADN<\/h6>\n","protected":false},"excerpt":{"rendered":"<p>El gobernador de R\u00edo Negro, Alberto Weretilneck, presidi\u00f3 hoy la entrega de 42 viviendas a familias de San Antonio Oeste. La construcci\u00f3n de las mismas signific\u00f3 un monto total de inversi\u00f3n de casi $13.000.000. La obra fue ejecutada por el Instituto de Planificaci\u00f3n y Promoci\u00f3n de la Vivienda (IPPV), en el marco del Programa Federal<\/p>\n","protected":false},"author":2,"featured_media":20306,"comment_status":"closed","ping_status":"closed","sticky":false,"template":"","format":"standard","meta":{"footnotes":""},"categories":[2],"tags":[11],"class_list":["post-20305","post","type-post","status-publish","format-standard","has-post-thumbnail","hentry","category-informe-municipal","tag-rio-negro"],"_links":{"self":[{"href":"http:\/\/argentinamunicipal.com.ar\/argentina\/wp-json\/wp\/v2\/posts\/20305","targetHints":{"allow":["GET"]}}],"collection":[{"href":"http:\/\/argentinamunicipal.com.ar\/argentina\/wp-json\/wp\/v2\/posts"}],"about":[{"href":"http:\/\/argentinamunicipal.com.ar\/argentina\/wp-json\/wp\/v2\/types\/post"}],"author":[{"embeddable":true,"href":"http:\/\/argentinamunicipal.com.ar\/argentina\/wp-json\/wp\/v2\/users\/2"}],"replies":[{"embeddable":true,"href":"http:\/\/argentinamunicipal.com.ar\/argentina\/wp-json\/wp\/v2\/comments?post=20305"}],"version-history":[{"count":0,"href":"http:\/\/argentinamunicipal.com.ar\/argentina\/wp-json\/wp\/v2\/posts\/20305\/revisions"}],"wp:featuredmedia":[{"embeddable":true,"href":"http:\/\/argentinamunicipal.com.ar\/argentina\/wp-json\/wp\/v2\/media\/20306"}],"wp:attachment":[{"href":"http:\/\/argentinamunicipal.com.ar\/argentina\/wp-json\/wp\/v2\/media?parent=20305"}],"wp:term":[{"taxonomy":"category","embeddable":true,"href":"http:\/\/argentinamunicipal.com.ar\/argentina\/wp-json\/wp\/v2\/categories?post=20305"},{"taxonomy":"post_tag","embeddable":true,"href":"http:\/\/argentinamunicipal.com.ar\/argentina\/wp-json\/wp\/v2\/tags?post=20305"}],"curies":[{"name":"wp","href":"https:\/\/api.w.org\/{rel}","templated":true}]}}