{"id":20361,"date":"2014-12-02T09:13:21","date_gmt":"2014-12-02T12:13:21","guid":{"rendered":"http:\/\/argentinamunicipal.com.ar\/argentina\/?p=20361"},"modified":"2014-12-02T09:13:21","modified_gmt":"2014-12-02T12:13:21","slug":"se-llevo-cabo-el-primer-encuentro-de-capacitacion-para-intendentes-y-concejales-en-entre-rios","status":"publish","type":"post","link":"http:\/\/argentinamunicipal.com.ar\/argentina\/se-llevo-cabo-el-primer-encuentro-de-capacitacion-para-intendentes-y-concejales-en-entre-rios\/","title":{"rendered":"Se llev\u00f3 a cabo el primer encuentro de capacitaci\u00f3n para intendentes y concejales en Entre R\u00edos"},"content":{"rendered":"<p><a href=\"http:\/\/argentinamunicipal.com.ar\/argentina\/wp-content\/uploads\/2014\/12\/1.jpg\"><img loading=\"lazy\" decoding=\"async\" class=\"aligncenter  wp-image-20362\" src=\"http:\/\/argentinamunicipal.com.ar\/argentina\/wp-content\/uploads\/2014\/12\/1.jpg\" alt=\"1\" width=\"613\" height=\"344\" srcset=\"http:\/\/argentinamunicipal.com.ar\/argentina\/wp-content\/uploads\/2014\/12\/1.jpg 960w, http:\/\/argentinamunicipal.com.ar\/argentina\/wp-content\/uploads\/2014\/12\/1-300x168.jpg 300w\" sizes=\"auto, (max-width: 613px) 100vw, 613px\" \/><\/a><\/p>\n<p>Este viernes se realiz\u00f3 en Concordia el primer encuentro de capacitaci\u00f3n para intendentes y concejales de Entre R\u00edos, organizado en forma conjunta entre la Secretaria de Asuntos Municipales dependiente del Ministerio del Interior y Transporte de la Naci\u00f3n, el Municipio de Concordia y la Secretaria del Senado de Entre R\u00edos<\/p>\n<p>M\u00e1s de 100 funcionarios intercambiaron experiencias en torno a los diferentes paneles que se desarrollaron en el encuentro, donde se abordaron temas clave para municipios argentinos: planificaci\u00f3n estrat\u00e9gica, ordenamiento territorial y uso de suelo, fortalecimiento de la gesti\u00f3n tributaria municipal, e infraestructura de telecomunicaciones, entre otros.<\/p>\n<p>En el panel de apertura del Encuentro hicieron uso de la palabra, el secretario de la C\u00e1mara de Senadores, Mauro Urribarri, el intendente de Concordia, Gustavo Bordet y el secretario de Asuntos Municipales, Ignacio Lamothe. Tambi\u00e9n form\u00f3 parte del panel el concejal de Paran\u00e1, Juan Manuel Huss.<\/p>\n<p>Juan Manuel Huss hizo hincapi\u00e9 \u00aben la importancia de generar estos espacios y fortalecerlos, ya que en los mismos se abordan no solo la problem\u00e1tica actual que cruza en forma trasversal a todos los municipios a lo largo y ancho de la Patria, sino que tambi\u00e9n se brindan las diferentes herramientas que tanto los concejales y los intendentes contamos para optimizar nuestra labor y planificar acciones a corto, mediano y largo plazo\u00bb. Seguidamente coment\u00f3 \u00absabemos del rol que cumplimos dentro de este proyecto de Naci\u00f3n que comenz\u00f3 N\u00e9stor Kirchner en el 2003 y que continua la compa\u00f1era Presidenta Cristina F\u00e9rnandez de Kirchner. Los concejales y los intendentes tenemos la vital funci\u00f3n, no solo cumplir con nuestra tareas y avanzar m\u00e1s all\u00e1, buscando soluciones antes las dificultades posibles tras una d\u00e9cada de crecimiento\u00bb.<\/p>\n<p>Refiri\u00e9ndose a las necesidades que se plantean en la actualidad, Huss remarc\u00f3 \u00abpasamos de pensar en c\u00f3mo hacer para sostener el empleo, c\u00f3mo hacer para que nuestros gurises no se murieran de hambre, a plantearnos c\u00f3mo planificamos en forma correcta el crecimiento de nuestras ciudades, el manejo de los residuos s\u00f3lidos urbanos, la consolidaci\u00f3n y mejora de la recaudaci\u00f3n y obras de infraestructura que consoliden el crecimiento\u00bb. A modo de cierre el concejal concluy\u00f3 diciendo: \u00abCon el firme convencimiento de que en estos espacios se generan las mejores respuestas es que no solamente participamos sino que bregamos para que se intensifiquen y se vean reflejados en mejoras considerables para nuestras ciudades. En tal sentido, destac\u00f3 la gran tarea y ayuda brindada por la Secretaria de Asuntos Municipales, \u00abmuy presente y cercana\u00bb que \u00abrefleja un Estado Nacional que ha cambiado el statuo quo en que nos ve\u00edamos enfrascados hasta el 2003, siempre teniendo como premisa consolidar una Patria Justa, Libre y Soberana\u00bb.<\/p>\n<h6>Fuente: APF Digital<\/h6>\n","protected":false},"excerpt":{"rendered":"<p>Este viernes se realiz\u00f3 en Concordia el primer encuentro de capacitaci\u00f3n para intendentes y concejales de Entre R\u00edos, organizado en forma conjunta entre la Secretaria de Asuntos Municipales dependiente del Ministerio del Interior y Transporte de la Naci\u00f3n, el Municipio de Concordia y la Secretaria del Senado de Entre R\u00edos M\u00e1s de 100 funcionarios intercambiaron<\/p>\n","protected":false},"author":2,"featured_media":20362,"comment_status":"closed","ping_status":"closed","sticky":false,"template":"","format":"standard","meta":{"footnotes":""},"categories":[2],"tags":[17],"class_list":["post-20361","post","type-post","status-publish","format-standard","has-post-thumbnail","hentry","category-informe-municipal","tag-entre-rios"],"_links":{"self":[{"href":"http:\/\/argentinamunicipal.com.ar\/argentina\/wp-json\/wp\/v2\/posts\/20361","targetHints":{"allow":["GET"]}}],"collection":[{"href":"http:\/\/argentinamunicipal.com.ar\/argentina\/wp-json\/wp\/v2\/posts"}],"about":[{"href":"http:\/\/argentinamunicipal.com.ar\/argentina\/wp-json\/wp\/v2\/types\/post"}],"author":[{"embeddable":true,"href":"http:\/\/argentinamunicipal.com.ar\/argentina\/wp-json\/wp\/v2\/users\/2"}],"replies":[{"embeddable":true,"href":"http:\/\/argentinamunicipal.com.ar\/argentina\/wp-json\/wp\/v2\/comments?post=20361"}],"version-history":[{"count":0,"href":"http:\/\/argentinamunicipal.com.ar\/argentina\/wp-json\/wp\/v2\/posts\/20361\/revisions"}],"wp:featuredmedia":[{"embeddable":true,"href":"http:\/\/argentinamunicipal.com.ar\/argentina\/wp-json\/wp\/v2\/media\/20362"}],"wp:attachment":[{"href":"http:\/\/argentinamunicipal.com.ar\/argentina\/wp-json\/wp\/v2\/media?parent=20361"}],"wp:term":[{"taxonomy":"category","embeddable":true,"href":"http:\/\/argentinamunicipal.com.ar\/argentina\/wp-json\/wp\/v2\/categories?post=20361"},{"taxonomy":"post_tag","embeddable":true,"href":"http:\/\/argentinamunicipal.com.ar\/argentina\/wp-json\/wp\/v2\/tags?post=20361"}],"curies":[{"name":"wp","href":"https:\/\/api.w.org\/{rel}","templated":true}]}}