{"id":20370,"date":"2014-12-02T09:21:24","date_gmt":"2014-12-02T12:21:24","guid":{"rendered":"http:\/\/argentinamunicipal.com.ar\/argentina\/?p=20370"},"modified":"2014-12-02T09:21:24","modified_gmt":"2014-12-02T12:21:24","slug":"una-aerolinea-alemana-debio-cancelar-1-350-vuelos-por-una-nueva-huelga","status":"publish","type":"post","link":"http:\/\/argentinamunicipal.com.ar\/argentina\/una-aerolinea-alemana-debio-cancelar-1-350-vuelos-por-una-nueva-huelga\/","title":{"rendered":"Una aerol\u00ednea alemana debi\u00f3 cancelar 1.350 vuelos por una nueva huelga"},"content":{"rendered":"<div id=\"attachment_20371\" style=\"width: 634px\" class=\"wp-caption aligncenter\"><a href=\"http:\/\/argentinamunicipal.com.ar\/argentina\/wp-content\/uploads\/2014\/12\/PRE-vueloSupendido.jpg_274898881.jpg\"><img loading=\"lazy\" decoding=\"async\" aria-describedby=\"caption-attachment-20371\" class=\"size-full wp-image-20371\" src=\"http:\/\/argentinamunicipal.com.ar\/argentina\/wp-content\/uploads\/2014\/12\/PRE-vueloSupendido.jpg_274898881.jpg\" alt=\"LOS AVIONES, &quot;ESTACIONADOS&quot;\" width=\"624\" height=\"468\" srcset=\"http:\/\/argentinamunicipal.com.ar\/argentina\/wp-content\/uploads\/2014\/12\/PRE-vueloSupendido.jpg_274898881.jpg 624w, http:\/\/argentinamunicipal.com.ar\/argentina\/wp-content\/uploads\/2014\/12\/PRE-vueloSupendido.jpg_274898881-300x225.jpg 300w\" sizes=\"auto, (max-width: 624px) 100vw, 624px\" \/><\/a><p id=\"caption-attachment-20371\" class=\"wp-caption-text\">LOS AVIONES, \u00abESTACIONADOS\u00bb<\/p><\/div>\n<p>La l\u00ednea a\u00e9rea Lufthansa, la m\u00e1s grande de Alemania, se\u00f1al\u00f3 que fueron cancelados casi la mitad de sus 2.800 vuelos agendados hasta el fin de la huelga a la medianoche del martes, afectando a 150.000 pasajeros.<\/p>\n<p>La aerol\u00ednea alemana Lufthansa dijo que cancel\u00f3 aproximadamente la mitad de sus vuelos despu\u00e9s de que los pilotos se fueron a huelga en una disputa en curso sobre beneficios por jubilaci\u00f3n.<\/p>\n<p>La l\u00ednea a\u00e9rea, la m\u00e1s grande de Alemania, se\u00f1al\u00f3 el lunes que fueron cancelados 1.350 de sus 2.800 vuelos agendados hasta el fin de la huelga a la medianoche del martes, afectando a 150.000 pasajeros.<\/p>\n<p>La huelga se enfoc\u00f3 principalmente en los vuelos de Lufthansa del lunes al interior de Europa, pero ser\u00eda extendida el martes vuelos de distancia larga.<\/p>\n<p>Lufthansa dice que las otras aerol\u00edneas en su grupo -Germanwings, Swiss, Austrian Airlines, Brussels Airlines y Air Dolomiti- no est\u00e1n afectadas.<\/p>\n<p>La huelga sigue a negociaciones fracasadas con el sindicato Vereinigung Cockpit, el cual est\u00e1 exigiendo que Lufthansa siga saldando un pago de transici\u00f3n para quienes quieren jubilarse anticipadamente. La aerol\u00ednea quiere recortar esos pagos, citando una competencia crecientemente fuerte.<\/p>\n<h6>Fuente:\u00a0Uno, Mendoza<\/h6>\n","protected":false},"excerpt":{"rendered":"<p>La l\u00ednea a\u00e9rea Lufthansa, la m\u00e1s grande de Alemania, se\u00f1al\u00f3 que fueron cancelados casi la mitad de sus 2.800 vuelos agendados hasta el fin de la huelga a la medianoche del martes, afectando a 150.000 pasajeros. La aerol\u00ednea alemana Lufthansa dijo que cancel\u00f3 aproximadamente la mitad de sus vuelos despu\u00e9s de que los pilotos se<\/p>\n","protected":false},"author":2,"featured_media":20371,"comment_status":"closed","ping_status":"closed","sticky":false,"template":"","format":"standard","meta":{"footnotes":""},"categories":[22],"tags":[57],"class_list":["post-20370","post","type-post","status-publish","format-standard","has-post-thumbnail","hentry","category-el-mundo","tag-el-mundo"],"_links":{"self":[{"href":"http:\/\/argentinamunicipal.com.ar\/argentina\/wp-json\/wp\/v2\/posts\/20370","targetHints":{"allow":["GET"]}}],"collection":[{"href":"http:\/\/argentinamunicipal.com.ar\/argentina\/wp-json\/wp\/v2\/posts"}],"about":[{"href":"http:\/\/argentinamunicipal.com.ar\/argentina\/wp-json\/wp\/v2\/types\/post"}],"author":[{"embeddable":true,"href":"http:\/\/argentinamunicipal.com.ar\/argentina\/wp-json\/wp\/v2\/users\/2"}],"replies":[{"embeddable":true,"href":"http:\/\/argentinamunicipal.com.ar\/argentina\/wp-json\/wp\/v2\/comments?post=20370"}],"version-history":[{"count":0,"href":"http:\/\/argentinamunicipal.com.ar\/argentina\/wp-json\/wp\/v2\/posts\/20370\/revisions"}],"wp:featuredmedia":[{"embeddable":true,"href":"http:\/\/argentinamunicipal.com.ar\/argentina\/wp-json\/wp\/v2\/media\/20371"}],"wp:attachment":[{"href":"http:\/\/argentinamunicipal.com.ar\/argentina\/wp-json\/wp\/v2\/media?parent=20370"}],"wp:term":[{"taxonomy":"category","embeddable":true,"href":"http:\/\/argentinamunicipal.com.ar\/argentina\/wp-json\/wp\/v2\/categories?post=20370"},{"taxonomy":"post_tag","embeddable":true,"href":"http:\/\/argentinamunicipal.com.ar\/argentina\/wp-json\/wp\/v2\/tags?post=20370"}],"curies":[{"name":"wp","href":"https:\/\/api.w.org\/{rel}","templated":true}]}}