{"id":2042,"date":"2014-02-24T21:49:25","date_gmt":"2014-02-25T00:49:25","guid":{"rendered":"http:\/\/argentinamunicipal.com.ar\/argentina\/?p=2042"},"modified":"2014-02-24T21:49:25","modified_gmt":"2014-02-25T00:49:25","slug":"los-colegios-privados-de-catamarca-inician-el-proceso-para-dejar-el-centro","status":"publish","type":"post","link":"http:\/\/argentinamunicipal.com.ar\/argentina\/los-colegios-privados-de-catamarca-inician-el-proceso-para-dejar-el-centro\/","title":{"rendered":"Los colegios privados de Catamarca inician el proceso para dejar el centro"},"content":{"rendered":"<p><a href=\"http:\/\/argentinamunicipal.com.ar\/argentina\/wp-content\/uploads\/2014\/02\/magda-2010-195.jpg\"><img loading=\"lazy\" decoding=\"async\" class=\"alignright  wp-image-2049\" alt=\"magda 2010 195\" src=\"http:\/\/argentinamunicipal.com.ar\/argentina\/wp-content\/uploads\/2014\/02\/magda-2010-195.jpg\" width=\"420\" height=\"253\" srcset=\"http:\/\/argentinamunicipal.com.ar\/argentina\/wp-content\/uploads\/2014\/02\/magda-2010-195.jpg 700w, http:\/\/argentinamunicipal.com.ar\/argentina\/wp-content\/uploads\/2014\/02\/magda-2010-195-300x180.jpg 300w\" sizes=\"auto, (max-width: 420px) 100vw, 420px\" \/><\/a>De acuerdo con una ordenanza de 2005, no pueden las escuelas estar ubicadas en el microcentro.<\/p>\n<p>La Direcci\u00f3n de Educaci\u00f3n P\u00fablica de Gesti\u00f3n Privada est\u00e1 trabajando con los establecimientos escolares de su \u00e1rea para que, de manera progresiva, se trasladen fuera del microcentro de la Capital, como establece una ordenanza municipal vigente desde 2005, y que la actual gesti\u00f3n de la comuna pretende hacer cumplir, debido, entre otras cosas, a los problemas de tr\u00e1nsito que se generan en los horarios de entrada y salida de las escuelas.<\/p>\n<p>El proceso ser\u00e1 por etapas hasta cumplir con las exigencias municipales, que apoyan desde Educaci\u00f3n.<\/p>\n<p>Fabi\u00e1n Herrera, director de Educaci\u00f3n P\u00fablica de Gesti\u00f3n Privada del ministerio de Educaci\u00f3n, se\u00f1al\u00f3 que \u00abhay una fuerte decisi\u00f3n de trabajar en lo que son las regulaciones de la matr\u00edcula, en la posible reubicaci\u00f3n de algunos niveles, respondiendo a lo que el municipio de la Capital ha fijado en cuanto a la ubicaci\u00f3n de los establecimientos educativos, para disminuir el riesgo vehicular, relacionado con el traslado y la b\u00fasqueda de los padres a los ni\u00f1os m\u00e1s peque\u00f1os, sobre todo\u00bb.<\/p>\n<p>En referencia a la voluntad de los colegios de ir cumpliendo con estas exigencias, Herrera dijo a El Ancasti que \u00ablos colegios tienen en ese sentido un proceso diferente. Algunos procuran con mayor celeridad respondiendo a los requerimientos y demandas, y otros por distintas razones est\u00e1n con una demora, pero de hecho es algo que tienen que hacerlo; la predisposici\u00f3n es importante pero llegado su momento habr\u00e1 plazos para cumplir con las habilitaciones respectivas\u00bb.<\/p>\n<p>&nbsp;<\/p>\n<h2>Cuotas<\/h2>\n<p>El funcionario tambi\u00e9n se refiri\u00f3 al incremento de las cuotas en los colegios privados y dijo que \u00abse hab\u00eda establecido cu\u00e1nto iba a ser el m\u00e1ximo del valor de la cuota para el inicio de este a\u00f1o. Sobre el valor de la cuota diciembre se aplicar\u00e1 un porcentaje que ser\u00e1 el mismo que se decida en las paritarias docentes. Es decir que estamos entre un 20 \u00f3 25% como techo, sobre todo para los aranceles m\u00e1s altos\u00bb.<\/p>\n<p>En el transcurso de esta semana habr\u00e1 definiciones en cuanto al incremento correspondiente para cada instituci\u00f3n.<\/p>\n<p>M\u00e1s all\u00e1 que el incremento ser\u00eda de acuerdo con el monto que puedan acordar los docentes con el ministerio de Educaci\u00f3n, la diferencia radica en que el aumento a docentes ser\u00eda fraccionado y el arancel de los colegios se aplicar\u00e1 de una sola vez, y como viene sucediendo en los \u00faltimos a\u00f1os, no descartan otro aumento de la cuota en la segunda parte de este ciclo lectivo.<\/p>\n<h6>Fuente: El Ancasti<\/h6>\n","protected":false},"excerpt":{"rendered":"<p>De acuerdo con una ordenanza de 2005, no pueden las escuelas estar ubicadas en el microcentro. La Direcci\u00f3n de Educaci\u00f3n P\u00fablica de Gesti\u00f3n Privada est\u00e1 trabajando con los establecimientos escolares de su \u00e1rea para que, de manera progresiva, se trasladen fuera del microcentro de la Capital, como establece una ordenanza municipal vigente desde 2005, y<\/p>\n","protected":false},"author":2,"featured_media":2049,"comment_status":"closed","ping_status":"closed","sticky":false,"template":"","format":"standard","meta":{"footnotes":""},"categories":[2],"tags":[16],"class_list":["post-2042","post","type-post","status-publish","format-standard","has-post-thumbnail","hentry","category-informe-municipal","tag-catamarca"],"_links":{"self":[{"href":"http:\/\/argentinamunicipal.com.ar\/argentina\/wp-json\/wp\/v2\/posts\/2042","targetHints":{"allow":["GET"]}}],"collection":[{"href":"http:\/\/argentinamunicipal.com.ar\/argentina\/wp-json\/wp\/v2\/posts"}],"about":[{"href":"http:\/\/argentinamunicipal.com.ar\/argentina\/wp-json\/wp\/v2\/types\/post"}],"author":[{"embeddable":true,"href":"http:\/\/argentinamunicipal.com.ar\/argentina\/wp-json\/wp\/v2\/users\/2"}],"replies":[{"embeddable":true,"href":"http:\/\/argentinamunicipal.com.ar\/argentina\/wp-json\/wp\/v2\/comments?post=2042"}],"version-history":[{"count":0,"href":"http:\/\/argentinamunicipal.com.ar\/argentina\/wp-json\/wp\/v2\/posts\/2042\/revisions"}],"wp:featuredmedia":[{"embeddable":true,"href":"http:\/\/argentinamunicipal.com.ar\/argentina\/wp-json\/wp\/v2\/media\/2049"}],"wp:attachment":[{"href":"http:\/\/argentinamunicipal.com.ar\/argentina\/wp-json\/wp\/v2\/media?parent=2042"}],"wp:term":[{"taxonomy":"category","embeddable":true,"href":"http:\/\/argentinamunicipal.com.ar\/argentina\/wp-json\/wp\/v2\/categories?post=2042"},{"taxonomy":"post_tag","embeddable":true,"href":"http:\/\/argentinamunicipal.com.ar\/argentina\/wp-json\/wp\/v2\/tags?post=2042"}],"curies":[{"name":"wp","href":"https:\/\/api.w.org\/{rel}","templated":true}]}}