{"id":20450,"date":"2014-12-03T09:19:51","date_gmt":"2014-12-03T12:19:51","guid":{"rendered":"http:\/\/argentinamunicipal.com.ar\/argentina\/?p=20450"},"modified":"2014-12-03T09:19:51","modified_gmt":"2014-12-03T12:19:51","slug":"america-latina-crecera-22-en-2015","status":"publish","type":"post","link":"http:\/\/argentinamunicipal.com.ar\/argentina\/america-latina-crecera-22-en-2015\/","title":{"rendered":"Am\u00e9rica Latina crecer\u00e1 2,2% en 2015"},"content":{"rendered":"<div id=\"attachment_20451\" style=\"width: 566px\" class=\"wp-caption aligncenter\"><a href=\"http:\/\/argentinamunicipal.com.ar\/argentina\/wp-content\/uploads\/2014\/12\/007ad1.jpg\"><img loading=\"lazy\" decoding=\"async\" aria-describedby=\"caption-attachment-20451\" class=\"size-full wp-image-20451\" src=\"http:\/\/argentinamunicipal.com.ar\/argentina\/wp-content\/uploads\/2014\/12\/007ad1.jpg\" alt=\"Barcena da a conocer el Balance Preliminar\" width=\"556\" height=\"313\" srcset=\"http:\/\/argentinamunicipal.com.ar\/argentina\/wp-content\/uploads\/2014\/12\/007ad1.jpg 556w, http:\/\/argentinamunicipal.com.ar\/argentina\/wp-content\/uploads\/2014\/12\/007ad1-300x168.jpg 300w\" sizes=\"auto, (max-width: 556px) 100vw, 556px\" \/><\/a><p id=\"caption-attachment-20451\" class=\"wp-caption-text\">Barcena da a conocer el Balance Preliminar<\/p><\/div>\n<p>Un crecimiento moderado de 2,2% proyect\u00f3 la Comisi\u00f3n Econ\u00f3mica Para Am\u00e9rica Latina y el Caribe (Cepal) para 2015, mientras este a\u00f1o la regi\u00f3n tuvo una expansi\u00f3n de tan solo 1,1%, la m\u00e1s baja desde 2009 (-1,3).<\/p>\n<p>Al entregar ayer el Balance Preliminar de las Econom\u00edas, la secretaria ejecutiva de Cepal, la mexicana Alicia B\u00e1rcena, explic\u00f3 que el desempe\u00f1o regional muestra una gran heterogeneidad entre pa\u00edses y subregiones: Centroam\u00e9rica m\u00e1s Hait\u00ed y el Caribe de habla hispana crecieron 3,7%, Am\u00e9rica del Sur 0,7% y el Caribe de habla inglesa 1,9%.<\/p>\n<p>En el desempe\u00f1o de Suram\u00e9rica influy\u00f3 especialmente la situaci\u00f3n de Argentina (-0,2), Brasil (+0,2) y Venezuela (-3,0).<\/p>\n<p>En cambio, este a\u00f1o Bolivia crece 5,2% (para 2015 proyectan 5,5%); Chile 1,8 (3,0 el pr\u00f3ximo a\u00f1o); Colombia 4,8 (4,3); Costa Rica 3,6 (3,2); Cuba 1,1 (3,0); Ecuador 4,0 (3,8); El Salvador 2,2 (2,5); Guatemala 4,0 (4,0); Hait\u00ed 3,5 (3,5); Honduras 3,0 (3,0); M\u00e9xico 2,1 (3,2); Nicaragua 4,5 (5,0); Panam\u00e1 6,0 (7,0); Paraguay 4,0 (4,0); Per\u00fa 2,8 (5.0); Rep\u00fablica Dominicana 6,0 (5,0); 3,5 (3,5); Venezuela -3.0 (-1.0) Sub-total Am\u00e9rica Latina 1,1 (2,2 para 2015). Am\u00e9rica Latina y el Caribe 1,1 (2,2). La regi\u00f3n hab\u00eda tenido en 2010 una expansi\u00f3n de 6,1%, en 2011 de 4,2%, en 2012 2,6% y en 2013 de 2,7.<\/p>\n<p>El informe del organismo regional econ\u00f3mico de las Naciones Unidas, puso hincapi\u00e9 en que la moderada alza del pr\u00f3ximo a\u00f1o se dar\u00e1 en un contexto de una lenta y heterog\u00e9nea recuperaci\u00f3n de la econom\u00eda mundial, con una din\u00e1mica a la baja en los precios de las materias primas y un escaso dinamismo de la demanda externa de la regi\u00f3n, adem\u00e1s del aumento de la incertidumbre financiera.<\/p>\n<p>La inflaci\u00f3n regional acumulada en 12 meses a octubre llega a 9,4% promedio, con un comportamiento muy heterog\u00e9neo entre pa\u00edses, y la tasa de desempleo -pese a la d\u00e9bil generaci\u00f3n de empleo producto del bajo crecimiento- anotar\u00e1 una nueva ca\u00edda a 6,0% desde 6,2% del a\u00f1o anterior, destac\u00f3 B\u00e1rcena.<\/p>\n<p>En materia fiscal, Am\u00e9rica Latina anotar\u00e1 una leve alza en el d\u00e9ficit de 2,4% del PIB en 2013 a 2,7% en 2014, mientras que el Caribe reducir\u00e1 su d\u00e9ficit a 3,9% en 2014, desde 4,1% el a\u00f1o pasado. Adem\u00e1s, la deuda p\u00fablica de los pa\u00edses de la regi\u00f3n se mantendr\u00e1 en niveles bajos y estables, en un promedio cercano a 32% del PIB.<\/p>\n<p>B\u00e1rcena apunt\u00f3 que \u00abla pol\u00edtica fiscal juega un papel limitado para mejorar la distribuci\u00f3n del ingreso, que es el elemento por excelencia distributivo. Sin embargo, Chile, Costa Rica y M\u00e9xico han apuntado en ese sentido mediante transferencia de ingresos. Caso contrario muestran Colombia y Rep\u00fablica Dominicana\u00bb. En cuanto a recaudaci\u00f3n fiscal, coment\u00f3 que \u00abel efecto de las reformas tributarias ya se empiezan a notar, como es el caso de M\u00e9xico, al igual que Nicaragua, y que est\u00e1n enfocadas a aumentar el impuesto sobre la renta. En el caso de Chile, es muy pronto para evaluar\u00bb. En el escenario actual, \u00abla pol\u00edtica monetaria fue esencialmente contrac\u00edclica, d\u00e1ndole mayor prioridad al crecimiento, eso es muy importante porque la mayor\u00eda de los pa\u00edses lo que fueron haciendo fue reducir las tasas de inter\u00e9s, con excepci\u00f3n de Brasil\u00bb.<\/p>\n<p>Durante 2014, agreg\u00f3, se ha acentuado la volatilidad en el tipo de cambio y las monedas nacionales se han depreciado. Para combatir la volatilidad, se recurri\u00f3 a las reservas internacionales. La desaceleraci\u00f3n de la inversi\u00f3n que se observa desde 2011, y que durante 2014 se contrajo en alrededor de 3,5%, es un factor importante de la ca\u00edda en la tasa de crecimiento del PIB.<\/p>\n<p>Se requiere reactivar la demanda interna privilegiando la din\u00e1mica de la inversi\u00f3n. Esto impactar\u00eda positivamente en la productividad y competitividad de las econom\u00edas, acot\u00f3.<\/p>\n<p>La secretaria ejecutiva llam\u00f3 la atenci\u00f3n de que Am\u00e9rica Latina y el Caribe, \u00aben el contexto de desaceleraci\u00f3n, el gasto se mantuvo en la inversi\u00f3n p\u00fablica y en algunos casos aument\u00f3, como en Bolivia, Ecuador y Nicaragua\u00bb. \u00abLos gobiernos no han bajado la guardia y no se han ido al modelo europeo de ajuste total\u00bb, compar\u00f3 la alta funcionaria. Concluy\u00f3 que para 2015, se mantiene la perspectiva de crecimiento mundial de 2,6% a 3,1% con un repunte de los pa\u00edses eN desarrollo, salvo China, que pasar\u00e1 de 7,3% a 7,0%, con una zona euro muy complicada. \u00abLa verdad es que este crecimiento es insuficiente, esta situaci\u00f3n no es \u00f3ptima. Va a ser mejor (que este a\u00f1o) pero sigue habiendo un crecimiento lento y complejo, adem\u00e1s ese crecimiento no va a estar apuntalado por las exportaciones\u00bb, acot\u00f3.<\/p>\n<p>\u00abEl espacio que tienen los pa\u00edses es limitado y lo que la Cepal recomienda es dinamizar. De ninguna manera hacer lo de Europa, de irse al ajuste\u00bb, subray\u00f3 finalmente.<\/p>\n<h6>Fuente: Tucum\u00e1n Hoy<\/h6>\n","protected":false},"excerpt":{"rendered":"<p>Un crecimiento moderado de 2,2% proyect\u00f3 la Comisi\u00f3n Econ\u00f3mica Para Am\u00e9rica Latina y el Caribe (Cepal) para 2015, mientras este a\u00f1o la regi\u00f3n tuvo una expansi\u00f3n de tan solo 1,1%, la m\u00e1s baja desde 2009 (-1,3). Al entregar ayer el Balance Preliminar de las Econom\u00edas, la secretaria ejecutiva de Cepal, la mexicana Alicia B\u00e1rcena, explic\u00f3<\/p>\n","protected":false},"author":2,"featured_media":20451,"comment_status":"closed","ping_status":"closed","sticky":false,"template":"","format":"standard","meta":{"footnotes":""},"categories":[22],"tags":[57],"class_list":["post-20450","post","type-post","status-publish","format-standard","has-post-thumbnail","hentry","category-el-mundo","tag-el-mundo"],"_links":{"self":[{"href":"http:\/\/argentinamunicipal.com.ar\/argentina\/wp-json\/wp\/v2\/posts\/20450","targetHints":{"allow":["GET"]}}],"collection":[{"href":"http:\/\/argentinamunicipal.com.ar\/argentina\/wp-json\/wp\/v2\/posts"}],"about":[{"href":"http:\/\/argentinamunicipal.com.ar\/argentina\/wp-json\/wp\/v2\/types\/post"}],"author":[{"embeddable":true,"href":"http:\/\/argentinamunicipal.com.ar\/argentina\/wp-json\/wp\/v2\/users\/2"}],"replies":[{"embeddable":true,"href":"http:\/\/argentinamunicipal.com.ar\/argentina\/wp-json\/wp\/v2\/comments?post=20450"}],"version-history":[{"count":0,"href":"http:\/\/argentinamunicipal.com.ar\/argentina\/wp-json\/wp\/v2\/posts\/20450\/revisions"}],"wp:featuredmedia":[{"embeddable":true,"href":"http:\/\/argentinamunicipal.com.ar\/argentina\/wp-json\/wp\/v2\/media\/20451"}],"wp:attachment":[{"href":"http:\/\/argentinamunicipal.com.ar\/argentina\/wp-json\/wp\/v2\/media?parent=20450"}],"wp:term":[{"taxonomy":"category","embeddable":true,"href":"http:\/\/argentinamunicipal.com.ar\/argentina\/wp-json\/wp\/v2\/categories?post=20450"},{"taxonomy":"post_tag","embeddable":true,"href":"http:\/\/argentinamunicipal.com.ar\/argentina\/wp-json\/wp\/v2\/tags?post=20450"}],"curies":[{"name":"wp","href":"https:\/\/api.w.org\/{rel}","templated":true}]}}