{"id":20502,"date":"2014-12-04T09:28:20","date_gmt":"2014-12-04T12:28:20","guid":{"rendered":"http:\/\/argentinamunicipal.com.ar\/argentina\/?p=20502"},"modified":"2014-12-04T09:28:20","modified_gmt":"2014-12-04T12:28:20","slug":"israel-fijo-para-el-17-de-marzo-la-celebracion-de-elecciones-anticipadas","status":"publish","type":"post","link":"http:\/\/argentinamunicipal.com.ar\/argentina\/israel-fijo-para-el-17-de-marzo-la-celebracion-de-elecciones-anticipadas\/","title":{"rendered":"Israel fij\u00f3 para el 17 de marzo la celebraci\u00f3n de elecciones anticipadas"},"content":{"rendered":"<p><a href=\"http:\/\/argentinamunicipal.com.ar\/argentina\/wp-content\/uploads\/2014\/12\/2a45a5a93f61d2f1200195fb08aca088_XL.jpg\"><img loading=\"lazy\" decoding=\"async\" class=\"aligncenter  wp-image-20503\" src=\"http:\/\/argentinamunicipal.com.ar\/argentina\/wp-content\/uploads\/2014\/12\/2a45a5a93f61d2f1200195fb08aca088_XL.jpg\" alt=\"2a45a5a93f61d2f1200195fb08aca088_XL\" width=\"640\" height=\"406\" srcset=\"http:\/\/argentinamunicipal.com.ar\/argentina\/wp-content\/uploads\/2014\/12\/2a45a5a93f61d2f1200195fb08aca088_XL.jpg 900w, http:\/\/argentinamunicipal.com.ar\/argentina\/wp-content\/uploads\/2014\/12\/2a45a5a93f61d2f1200195fb08aca088_XL-300x190.jpg 300w\" sizes=\"auto, (max-width: 640px) 100vw, 640px\" \/><\/a><br \/>\nIsrael celebrar\u00e1 elecciones parlamentarias anticipadas el pr\u00f3ximo 17 de marzo, seg\u00fan acordaron ayer los jefes de los distintos grupos parlamentarios con el presidente de la C\u00e1mara, Yuli Edelstein. El Parlamento (Knesset) vot\u00f3 su disoluci\u00f3n con el respaldo de 84 diputados y una abstenci\u00f3n. El premier Benjamin Netanyahu anunci\u00f3 el martes la convocatoria de elecciones anticipadas despu\u00e9s de romper con dos de sus principales socios de gobierno, el ministro de Financias, Yair Lapid, y la ministra de Justicia, Tzipi Livni, a quienes destituy\u00f3. La coalici\u00f3n de centroderecha encabezada por Netanyahu estaba compuesta por cinco partidos, entre ellos el Partido del Futuro (Yesh Atid) de Lapid y El Movimiento (Hatnua), liderado por Livni. Entre estos partidos y el Likud de Netanyahu hab\u00eda fuertes discrepancias.<\/p>\n<p>Uno de los detonantes de la crisis que desemboc\u00f3 en la ruptura es la disputa en torno al proyecto de ley que consagrar\u00eda el car\u00e1cter jud\u00edo del pa\u00eds y que rechazan los partidos de Lapid y Livni. Ambos ministros se opusieron tambi\u00e9n recientemente a los planes presupuestarios del jefe de gobierno.<\/p>\n<p>El jefe de gobierno acus\u00f3 a Lapid y Livni de haber actuado en contra del gobierno e incluso de haber intentado alcanzar un acuerdo a sus espaldas con partidos ultraortodoxos de la oposici\u00f3n. Adem\u00e1s la acus\u00f3 de haberse reunido en mayo, en contra de sus instrucciones, con el presidente palestino Mahmud Abbas, tras la ruptura de las negociaciones de paz en abril. A Lapid le reproch\u00f3 haberse manifestado en contra de la construcci\u00f3n de asentamientos en Jerusal\u00e9n este.<\/p>\n<p>Por el momento no est\u00e1 claro si Netanyahu conseguir\u00e1 formar gobierno tras las elecciones de marzo, ya que su valoraci\u00f3n cay\u00f3 mucho en las \u00faltimas encuestas.<\/p>\n<h3>Reconstrucci\u00f3n de Gaza<\/h3>\n<p>El primer proyecto para remover toneladas de escombros en Gaza tras la reciente guerra con Israel comenz\u00f3 ayer, un paso importante para reconstruir el devastado territorio. Suecia, a trav\u00e9s de la ONU, contribuy\u00f3 con u$s3,2 millones para el plan y las autoridades palestinas calculan que en un a\u00f1o podr\u00e1n despejar 140.000 toneladas de escombros. Cien mil edificios o estructuras quedaron da\u00f1ados por el conflicto.<\/p>\n<h6>Fuente: La Capital, Rosario<\/h6>\n","protected":false},"excerpt":{"rendered":"<p>Israel celebrar\u00e1 elecciones parlamentarias anticipadas el pr\u00f3ximo 17 de marzo, seg\u00fan acordaron ayer los jefes de los distintos grupos parlamentarios con el presidente de la C\u00e1mara, Yuli Edelstein. El Parlamento (Knesset) vot\u00f3 su disoluci\u00f3n con el respaldo de 84 diputados y una abstenci\u00f3n. El premier Benjamin Netanyahu anunci\u00f3 el martes la convocatoria de elecciones anticipadas<\/p>\n","protected":false},"author":2,"featured_media":20503,"comment_status":"closed","ping_status":"closed","sticky":false,"template":"","format":"standard","meta":{"footnotes":""},"categories":[22],"tags":[57],"class_list":["post-20502","post","type-post","status-publish","format-standard","has-post-thumbnail","hentry","category-el-mundo","tag-el-mundo"],"_links":{"self":[{"href":"http:\/\/argentinamunicipal.com.ar\/argentina\/wp-json\/wp\/v2\/posts\/20502","targetHints":{"allow":["GET"]}}],"collection":[{"href":"http:\/\/argentinamunicipal.com.ar\/argentina\/wp-json\/wp\/v2\/posts"}],"about":[{"href":"http:\/\/argentinamunicipal.com.ar\/argentina\/wp-json\/wp\/v2\/types\/post"}],"author":[{"embeddable":true,"href":"http:\/\/argentinamunicipal.com.ar\/argentina\/wp-json\/wp\/v2\/users\/2"}],"replies":[{"embeddable":true,"href":"http:\/\/argentinamunicipal.com.ar\/argentina\/wp-json\/wp\/v2\/comments?post=20502"}],"version-history":[{"count":0,"href":"http:\/\/argentinamunicipal.com.ar\/argentina\/wp-json\/wp\/v2\/posts\/20502\/revisions"}],"wp:featuredmedia":[{"embeddable":true,"href":"http:\/\/argentinamunicipal.com.ar\/argentina\/wp-json\/wp\/v2\/media\/20503"}],"wp:attachment":[{"href":"http:\/\/argentinamunicipal.com.ar\/argentina\/wp-json\/wp\/v2\/media?parent=20502"}],"wp:term":[{"taxonomy":"category","embeddable":true,"href":"http:\/\/argentinamunicipal.com.ar\/argentina\/wp-json\/wp\/v2\/categories?post=20502"},{"taxonomy":"post_tag","embeddable":true,"href":"http:\/\/argentinamunicipal.com.ar\/argentina\/wp-json\/wp\/v2\/tags?post=20502"}],"curies":[{"name":"wp","href":"https:\/\/api.w.org\/{rel}","templated":true}]}}