{"id":2053,"date":"2014-02-25T09:21:42","date_gmt":"2014-02-25T12:21:42","guid":{"rendered":"http:\/\/argentinamunicipal.com.ar\/argentina\/?p=2053"},"modified":"2014-02-25T09:21:42","modified_gmt":"2014-02-25T12:21:42","slug":"fonavi-resistencia-exige-la-conformacion-de-consorcios-que-monitoreen-las-instalaciones","status":"publish","type":"post","link":"http:\/\/argentinamunicipal.com.ar\/argentina\/fonavi-resistencia-exige-la-conformacion-de-consorcios-que-monitoreen-las-instalaciones\/","title":{"rendered":"FONAVI: Resistencia exige la conformaci\u00f3n de consorcios que monitoreen las instalaciones"},"content":{"rendered":"<p><a href=\"http:\/\/argentinamunicipal.com.ar\/argentina\/wp-content\/uploads\/2014\/02\/135.jpg\"><img loading=\"lazy\" decoding=\"async\" class=\"alignright size-full wp-image-2054\" alt=\"135\" src=\"http:\/\/argentinamunicipal.com.ar\/argentina\/wp-content\/uploads\/2014\/02\/135.jpg\" width=\"530\" height=\"327\" srcset=\"http:\/\/argentinamunicipal.com.ar\/argentina\/wp-content\/uploads\/2014\/02\/135.jpg 530w, http:\/\/argentinamunicipal.com.ar\/argentina\/wp-content\/uploads\/2014\/02\/135-300x185.jpg 300w\" sizes=\"auto, (max-width: 530px) 100vw, 530px\" \/><\/a>El Subsecretario de Gesti\u00f3n Urbana de la Municipalidad de Resistencia, Cristian Maenza, mostr\u00f3 su preocupaci\u00f3n por el presente edilicio de los conjuntos de viviendas construidas provincia en los denominados barrios Fonavi, los cuales experimentaron en los \u00faltimos tiempos diversos siniestros provocados a ra\u00edz de la falta de mantenimiento, condici\u00f3n que responde a la ausencia del Estado chaque\u00f1o en verificar que esas comunidades cuenten con la formaci\u00f3n de respectivos Consorcios.<\/p>\n<p>\u201cDesde nuestro papel de polic\u00eda los funcionarios municipales notamos con suma incertidumbre que el desmoronamiento de la losa en el barrio UPCP es el fiel reflejo de lo que puede suceder si la Provincia, a trav\u00e9s del \u00e1rea que corresponda, no toma cartas en el asunto y act\u00faa de inmediato para que los adjudicatarios de esas propiedades conformen los consorcios que monitoreen el estado y mantenimiento de esas instalaciones\u201d, se\u00f1al\u00f3 el funcionario comunal sobre la adopci\u00f3n de esa medida impostergable.<\/p>\n<p>&nbsp;<\/p>\n<h2>Complicada situaci\u00f3n actual<\/h2>\n<p>El panorama que describe el referente comunal est\u00e1 relacionado a las d\u00e9cadas que esos barrios tienen de antig\u00fcedad y la complicada situaci\u00f3n que revisten en la actualidad por no contar en ning\u00fan momento con personal elegido por los mismos habitantes para dedicarse a esas tareas. \u201cHoy necesitamos que la ciudadan\u00eda que reside en esos hogares tomen noci\u00f3n de esta problem\u00e1tica, pero de ninguna manera el Estado puede quedar aislado de esta cuesti\u00f3n, sino, \u00a1\u00bfc\u00f3mo es posible que hace pocos d\u00edas muri\u00f3 electrocutada una nena en un pasillo y luego nadie tuvo la culpa?!\u201d.<\/p>\n<h2>La seguridad de la gente<\/h2>\n<p>\u201cEstas construcciones fueron habilitadas para satisfacer las demandas de un vasto sector social que, en la actualidad, ya consolid\u00f3 sus espacios hogare\u00f1os y hasta algunos ya vendieron o utilizan esos ambientes para ponerlos en alquiler.<\/p>\n<p>Sin embargo, pasaron los a\u00f1os y nadie asumi\u00f3 la responsabilidad de trabajar en la conformaci\u00f3n de consorcios, condici\u00f3n obligatoria establecida a la hora de la entrega de esas viviendas. Pero adem\u00e1s, nadie de la Provincia manifest\u00f3 ni manifiesta ahora preocupaci\u00f3n alguna por velar por la seguridad de la gente que all\u00ed realiza sus tareas hogare\u00f1as y ni hablar de la ejecuci\u00f3n de relevamientos de habitantes que brill\u00f3 por su ausencia\u201d, agreg\u00f3.<\/p>\n<p>Debe actuar Vivienda Cristian Maenza destac\u00f3 que el Instituto Provincial de Desarrollo Urbano y Vivienda \u201cjuega un papel fundamental en la asistencia de esos conjuntos de viviendas de propiedad horizontal y los mismos deben ser auxiliados por el IPDUV ante cualquier inconveniente.<\/p>\n<p>Desde la Municipalidad nos encargamos de emplazar a ese organismo para que acuda de inmediato al UPCP y as\u00ed solucionar ese problema con el derrumbe de una losa que provoc\u00f3 la evacuaci\u00f3n de varias personas de sus hogares\u201d.<\/p>\n<p>Mientras tanto, el Subsecretario de Gesti\u00f3n Urbana sostuvo que la Comuna aport\u00f3 sus recursos humanos y t\u00e9cnicos a los fines de brindar contenci\u00f3n a los damnificados, los cuales recibieron mantas, colchones y mercader\u00eda.<\/p>\n<p>En ese sentido, destac\u00f3 que el Municipio solo puede verificar el estado de las instalaciones determinadas, pero cada acci\u00f3n tendiente al acondicionamiento de las mismas corresponde a los miembros de los consorcios, cuerpos que el Estado debe exigir que se constituyan a los propietarios de cada hogar.<\/p>\n<p>Finalmente, Maenza dijo que \u201cel municipio pone a disposici\u00f3n del ente la apoyatura de su equipo de profesionales para colaborar. Pedimos que act\u00faen, pero tambi\u00e9n nos ponemos a disposici\u00f3n para trabajar juntos\u201d.<\/p>\n<h6>Fuente: Diario Norte<\/h6>\n","protected":false},"excerpt":{"rendered":"<p>El Subsecretario de Gesti\u00f3n Urbana de la Municipalidad de Resistencia, Cristian Maenza, mostr\u00f3 su preocupaci\u00f3n por el presente edilicio de los conjuntos de viviendas construidas provincia en los denominados barrios Fonavi, los cuales experimentaron en los \u00faltimos tiempos diversos siniestros provocados a ra\u00edz de la falta de mantenimiento, condici\u00f3n que responde a la ausencia del<\/p>\n","protected":false},"author":2,"featured_media":2054,"comment_status":"closed","ping_status":"closed","sticky":false,"template":"","format":"standard","meta":{"footnotes":""},"categories":[2],"tags":[30],"class_list":["post-2053","post","type-post","status-publish","format-standard","has-post-thumbnail","hentry","category-informe-municipal","tag-chaco"],"_links":{"self":[{"href":"http:\/\/argentinamunicipal.com.ar\/argentina\/wp-json\/wp\/v2\/posts\/2053","targetHints":{"allow":["GET"]}}],"collection":[{"href":"http:\/\/argentinamunicipal.com.ar\/argentina\/wp-json\/wp\/v2\/posts"}],"about":[{"href":"http:\/\/argentinamunicipal.com.ar\/argentina\/wp-json\/wp\/v2\/types\/post"}],"author":[{"embeddable":true,"href":"http:\/\/argentinamunicipal.com.ar\/argentina\/wp-json\/wp\/v2\/users\/2"}],"replies":[{"embeddable":true,"href":"http:\/\/argentinamunicipal.com.ar\/argentina\/wp-json\/wp\/v2\/comments?post=2053"}],"version-history":[{"count":0,"href":"http:\/\/argentinamunicipal.com.ar\/argentina\/wp-json\/wp\/v2\/posts\/2053\/revisions"}],"wp:featuredmedia":[{"embeddable":true,"href":"http:\/\/argentinamunicipal.com.ar\/argentina\/wp-json\/wp\/v2\/media\/2054"}],"wp:attachment":[{"href":"http:\/\/argentinamunicipal.com.ar\/argentina\/wp-json\/wp\/v2\/media?parent=2053"}],"wp:term":[{"taxonomy":"category","embeddable":true,"href":"http:\/\/argentinamunicipal.com.ar\/argentina\/wp-json\/wp\/v2\/categories?post=2053"},{"taxonomy":"post_tag","embeddable":true,"href":"http:\/\/argentinamunicipal.com.ar\/argentina\/wp-json\/wp\/v2\/tags?post=2053"}],"curies":[{"name":"wp","href":"https:\/\/api.w.org\/{rel}","templated":true}]}}