{"id":20534,"date":"2014-12-04T10:33:54","date_gmt":"2014-12-04T13:33:54","guid":{"rendered":"http:\/\/argentinamunicipal.com.ar\/argentina\/?p=20534"},"modified":"2014-12-04T10:33:54","modified_gmt":"2014-12-04T13:33:54","slug":"holanda-le-cobrara-alquiler-sus-presos","status":"publish","type":"post","link":"http:\/\/argentinamunicipal.com.ar\/argentina\/holanda-le-cobrara-alquiler-sus-presos\/","title":{"rendered":"Holanda le cobrar\u00e1 alquiler a sus presos"},"content":{"rendered":"<p><a href=\"http:\/\/argentinamunicipal.com.ar\/argentina\/wp-content\/uploads\/2014\/12\/carcel-holanda.jpg\"><img loading=\"lazy\" decoding=\"async\" class=\"aligncenter size-full wp-image-20535\" src=\"http:\/\/argentinamunicipal.com.ar\/argentina\/wp-content\/uploads\/2014\/12\/carcel-holanda.jpg\" alt=\"carcel-holanda\" width=\"650\" height=\"330\" srcset=\"http:\/\/argentinamunicipal.com.ar\/argentina\/wp-content\/uploads\/2014\/12\/carcel-holanda.jpg 650w, http:\/\/argentinamunicipal.com.ar\/argentina\/wp-content\/uploads\/2014\/12\/carcel-holanda-300x152.jpg 300w\" sizes=\"auto, (max-width: 650px) 100vw, 650px\" \/><\/a><\/p>\n<p>La medida obliga al delincuente a asumir el costo de sus actos. Pretender ahorrar 65 millones.<\/p>\n<p>El Gobierno holand\u00e9s decidi\u00f3 seguir la estela de Dinamarca y Alemania e imponer a sus reclusos el pago de 16 euros diarios por estar entre rejas. El proyecto de ley se deriva de los acuerdos pactados por la actual coalici\u00f3n en el poder, formada por liberales de derecha y socialdem\u00f3cratas, y busca dos cosas: obligar al delincuente a asumir el coste de sus actos y ahorrar. Concretamente, 65 millones de euros en gastos judiciales y policiales. La Fiscal\u00eda General del Estado y el Consejo de la Magistratura, entro otros \u00f3rganos consultivos, analizan ahora la propuesta, que llegar\u00e1 al Parlamento este mismo a\u00f1o.<\/p>\n<p>El pago ideado por el ministerio de Justicia alcanzar\u00e1 a las personas encerradas en instituciones psiqui\u00e1tricas dependientes del departamento de prisiones, y a los padres de menores internados en centros de reinserci\u00f3n. \u201cSe trata de que el preso entienda que forma parte de la sociedad, y si comete un delito, tiene la obligaci\u00f3n de contribuir al gasto que ocasiona. Que sus actos no deben ser pagados, desde el punto de vista econ\u00f3mico, solo por el resto de la ciudadan\u00eda\u201d, se\u00f1ala Johan van Opstel, portavoz de Justicia.<\/p>\n<p>En estos momentos, Holanda cuenta con espacio para 12.000 reclusos, que pasan una media de tres meses en la c\u00e1rcel. Cada celda, con un m\u00e1ximo de dos personas \u2014en algunos edificios antiguos hay hasta seis\u2014 cuesta 200 euros al d\u00eda. El plan oficial pretende recaudar unos 11.680 euros por interno. \u201cLa deuda no podr\u00e1 cancelarse. Si tienen dinero al ingresar en prisi\u00f3n, empezar\u00e1n a pagar entonces. Si no, disponen de tiempo indefinido para saldarla. Por ejemplo, en cuanto dispongan de un sueldo. Pero solo se les cobrar\u00e1 por el equivalente a dos a\u00f1os de condena. Incluso cuando sean m\u00e1s largas\u201d, aclaran Van Opstel. Para no entorpecer la reinserci\u00f3n social, los pagos podr\u00e1n hacerse a plazos.<\/p>\n<p>Si bien ahora sobran celdas en Holanda, el aumento de la poblaci\u00f3n reclusa en los a\u00f1os noventa oblig\u00f3 al Gobierno a construir nuevas c\u00e1rceles. De las 29 actuales, algunas est\u00e1n cerradas al haber descendido los \u00edndices de criminalidad \u201ccomo en el resto de la UE\u201d, seg\u00fan Justicia. Su titular, el liberal Ivo Opstelten, ha presentado tambi\u00e9n otro proyecto legislativo similar al del cobro por d\u00eda de internamiento. En este caso, adjudica a los condenados una parte de los costes generados por las investigaciones policiales, procedimiento judicial posterior y la asistencia a las v\u00edctimas.<\/p>\n<h6>Fuente: Uno, Mendoza<\/h6>\n","protected":false},"excerpt":{"rendered":"<p>La medida obliga al delincuente a asumir el costo de sus actos. Pretender ahorrar 65 millones. El Gobierno holand\u00e9s decidi\u00f3 seguir la estela de Dinamarca y Alemania e imponer a sus reclusos el pago de 16 euros diarios por estar entre rejas. El proyecto de ley se deriva de los acuerdos pactados por la actual<\/p>\n","protected":false},"author":2,"featured_media":20535,"comment_status":"closed","ping_status":"closed","sticky":false,"template":"","format":"standard","meta":{"footnotes":""},"categories":[22],"tags":[57],"class_list":["post-20534","post","type-post","status-publish","format-standard","has-post-thumbnail","hentry","category-el-mundo","tag-el-mundo"],"_links":{"self":[{"href":"http:\/\/argentinamunicipal.com.ar\/argentina\/wp-json\/wp\/v2\/posts\/20534","targetHints":{"allow":["GET"]}}],"collection":[{"href":"http:\/\/argentinamunicipal.com.ar\/argentina\/wp-json\/wp\/v2\/posts"}],"about":[{"href":"http:\/\/argentinamunicipal.com.ar\/argentina\/wp-json\/wp\/v2\/types\/post"}],"author":[{"embeddable":true,"href":"http:\/\/argentinamunicipal.com.ar\/argentina\/wp-json\/wp\/v2\/users\/2"}],"replies":[{"embeddable":true,"href":"http:\/\/argentinamunicipal.com.ar\/argentina\/wp-json\/wp\/v2\/comments?post=20534"}],"version-history":[{"count":0,"href":"http:\/\/argentinamunicipal.com.ar\/argentina\/wp-json\/wp\/v2\/posts\/20534\/revisions"}],"wp:featuredmedia":[{"embeddable":true,"href":"http:\/\/argentinamunicipal.com.ar\/argentina\/wp-json\/wp\/v2\/media\/20535"}],"wp:attachment":[{"href":"http:\/\/argentinamunicipal.com.ar\/argentina\/wp-json\/wp\/v2\/media?parent=20534"}],"wp:term":[{"taxonomy":"category","embeddable":true,"href":"http:\/\/argentinamunicipal.com.ar\/argentina\/wp-json\/wp\/v2\/categories?post=20534"},{"taxonomy":"post_tag","embeddable":true,"href":"http:\/\/argentinamunicipal.com.ar\/argentina\/wp-json\/wp\/v2\/tags?post=20534"}],"curies":[{"name":"wp","href":"https:\/\/api.w.org\/{rel}","templated":true}]}}