{"id":20559,"date":"2014-12-05T08:34:22","date_gmt":"2014-12-05T11:34:22","guid":{"rendered":"http:\/\/argentinamunicipal.com.ar\/argentina\/?p=20559"},"modified":"2014-12-05T08:34:22","modified_gmt":"2014-12-05T11:34:22","slug":"educacion-universitaria-en-chile-gratuita-desde-2016","status":"publish","type":"post","link":"http:\/\/argentinamunicipal.com.ar\/argentina\/educacion-universitaria-en-chile-gratuita-desde-2016\/","title":{"rendered":"Educaci\u00f3n universitaria en Chile, gratuita desde 2016"},"content":{"rendered":"<div id=\"attachment_20560\" style=\"width: 631px\" class=\"wp-caption aligncenter\"><a href=\"http:\/\/argentinamunicipal.com.ar\/argentina\/wp-content\/uploads\/2014\/12\/12-05-em2701-na.jpg_88717827.jpg\"><img loading=\"lazy\" decoding=\"async\" aria-describedby=\"caption-attachment-20560\" class=\"size-full wp-image-20560\" src=\"http:\/\/argentinamunicipal.com.ar\/argentina\/wp-content\/uploads\/2014\/12\/12-05-em2701-na.jpg_88717827.jpg\" alt=\"A\u00f1os de lucha. Los chilenos protagonizaron masivas marchas en reclamo de la gratuidad y calidad de la educaci\u00f3n.\" width=\"621\" height=\"465\" srcset=\"http:\/\/argentinamunicipal.com.ar\/argentina\/wp-content\/uploads\/2014\/12\/12-05-em2701-na.jpg_88717827.jpg 621w, http:\/\/argentinamunicipal.com.ar\/argentina\/wp-content\/uploads\/2014\/12\/12-05-em2701-na.jpg_88717827-300x224.jpg 300w\" sizes=\"auto, (max-width: 621px) 100vw, 621px\" \/><\/a><p id=\"caption-attachment-20560\" class=\"wp-caption-text\">A\u00f1os de lucha. Los chilenos protagonizaron masivas marchas en reclamo de la gratuidad y calidad de la educaci\u00f3n.<\/p><\/div>\n<p>Lo anunci\u00f3 el gobierno de\u00a0 Michelle Bachelet. Los costos se financiar\u00e1n con recursos de la reforma tributaria aprobada en septiembre. Un reclamo estudiantil que lleva a\u00f1os de lucha.<\/p>\n<p>El gobierno chileno de Michelle Bachelet anunci\u00f3 ayer que espera comenzar a otorgar educaci\u00f3n p\u00fablica universitaria gratuita a partir de marzo de 2016, un reclamo estudiantil que lleva a\u00f1os de lucha y que desencaden\u00f3 manifestaciones y graves problemas para el gobierno, en especial en 2011. \u00abEn marzo de 2016 vamos a comenzar con la gratuidad en la educaci\u00f3n superior; tenemos los recursos porque aprobamos la reforma tributaria\u00bb aprobada en septiembre, afirm\u00f3 el ministro del Interior, Rodrigo Pe\u00f1ailillo. El funcionario hizo ese anuncio luego de que el mi\u00e9rcoles se publicaran dos encuestas que reflejaban una considerable ca\u00edda de la aprobaci\u00f3n a la administraci\u00f3n de Bachelet y se\u00f1alaba a la reforma educativa como una de las principales preocupaciones de los chilenos.<\/p>\n<p>Pe\u00f1ailillo admiti\u00f3 que el gobierno tuvo problemas para explicitar dicha reforma y est\u00e1 buscando diferentes m\u00e9todos, como la reciente historieta \u00abSof\u00eda aprende con todos\u00bb, para tratar de comunicar mejor la iniciativa destinada a poner fin al lucro, la selecci\u00f3n y el copago en los colegios que reciben recursos p\u00fablicos. \u00abTenemos que mejorar la forma en que comunicamos la reforma educativa, porque aqu\u00ed se ha dicho que el proyecto que se debate en el Congreso no va en beneficio de la educaci\u00f3n p\u00fablica y eso no es cierto, o que se van a cerrar colegios, que la reforma apunta para all\u00e1\u00bb, dijo el ministro. \u00abEfectivamente, aqu\u00ed tenemos que hacernos cargo de aclarar dudas y preocupaciones de la gente\u00bb, reconoci\u00f3. Con respecto al financiamiento de la gratuidad, Pe\u00f1ailillo dijo que, de acuerdo con el proyecto oficial de reforma educativa que debate el Congreso, se inyectar\u00e1 \u00abuna cantidad de recursos muy importantes a la educaci\u00f3n p\u00fablica, porque se aumentan las subvenciones y, con esto, claramente los colegios municipales se van a ver directamente beneficiados\u00bb.<\/p>\n<p>El proyecto de reforma educativa obtuvo media sanci\u00f3n de la C\u00e1mara de Diputados, el 21 de octubre pasado, y est\u00e1 siguiendo su tr\u00e1mite en el Senado, donde el martes pr\u00f3ximo ser\u00e1 votado dentro de la comisi\u00f3n de educaci\u00f3n. Posteriormente, la C\u00e1mara alta realizar\u00e1 la revisi\u00f3n de cada art\u00edculo y, si se efectuaran correcciones a la iniciativa original, \u00e9sta deber\u00e1 volver a la C\u00e1mara de Diputados.<\/p>\n<p>Promesa electoral. La reforma educativa es uno de los tres ejes del gobierno de Bachelet, junto a la tributaria ya sancionada y a la constitucional, cuyo proceso comenzar\u00e1 en 2015, seg\u00fan anunci\u00f3 Pe\u00f1ailillo. \u00abSi me pregunta qu\u00e9 es lo que yo quisiera, es que los alumnos que ingresen y\/o que est\u00e9n en la universidad en 2016 puedan ya tener gratuidad; no el cien por ciento, usted sabe que hemos definido un modelo gradual de recaudaci\u00f3n\u00bb, dijo Bachelet en agosto.<\/p>\n<p>El anuncio fue hecho un d\u00eda despu\u00e9s de que una encuesta revelara que el apoyo al gobierno cay\u00f3 a 38 por ciento, en medio del debate por la reforma educacional, una de las principales preocupaciones ciudadanas, seg\u00fan sondeos de distinto signo. \u00ab(Tenemos que) Mejorar la forma en que comunicamos la reforma educacional\u00bb, reiter\u00f3 el funcionario.<\/p>\n<p>Tras gobernar entre 2006 y 2010, Bachelet volvi\u00f3 al poder en marzo blandiendo un programa de reformas sociales, apoyado por l\u00edderes de las revueltas estudiantiles y sociales de 2011. Dicho programa, que consider\u00f3 una profunda reforma educacional, requer\u00eda de una reforma tributaria para ser financiado. El debate tiene como tel\u00f3n de fondo la desigualdad. En Chile, la mitad de los trabajadores gana menos de 450 d\u00f3lares mensuales, pese a que el producto per c\u00e1pita es de 21.500 d\u00f3lares, seg\u00fan cifras oficiales.<\/p>\n<p>Las familias chilenas, desde la \u00e9poca de la dictadura militar de l generalAugusto Pinochet (1973-1990) se han visto forzadas a pagar un mont\u00f3n de dinero al sistema educativo. La persistencia de las autoridades del pa\u00eds sudamericano para privatizar este sistema llev\u00f3 a los estudiantes chilenos a protagonizar desde 2011 grandes manifestaciones en todas las ciudades del pa\u00eds trasandino.<\/p>\n<p><strong>Marchas estudiantiles<\/strong>. Con cientos de marchas, los estudiantes pusieron la educaci\u00f3n al frente del debate, exigiendo que sea p\u00fablica, gratuita y de calidad, en un pa\u00eds con un sistema al extremo segregado, sin gratuidad universitaria y donde, a nivel escolar, son cada vez menos quienes asisten a colegios p\u00fablicos gratuitos. Bajo la promesa de reformar profundamente el sistema, Bachelet obtuvo la reelecci\u00f3n con un abrumador 62 por ciento de los votos.<\/p>\n<h6>Fuente: La Capital, Rosario<\/h6>\n","protected":false},"excerpt":{"rendered":"<p>Lo anunci\u00f3 el gobierno de\u00a0 Michelle Bachelet. Los costos se financiar\u00e1n con recursos de la reforma tributaria aprobada en septiembre. Un reclamo estudiantil que lleva a\u00f1os de lucha. El gobierno chileno de Michelle Bachelet anunci\u00f3 ayer que espera comenzar a otorgar educaci\u00f3n p\u00fablica universitaria gratuita a partir de marzo de 2016, un reclamo estudiantil que<\/p>\n","protected":false},"author":2,"featured_media":20560,"comment_status":"closed","ping_status":"closed","sticky":false,"template":"","format":"standard","meta":{"footnotes":""},"categories":[22],"tags":[57],"class_list":["post-20559","post","type-post","status-publish","format-standard","has-post-thumbnail","hentry","category-el-mundo","tag-el-mundo"],"_links":{"self":[{"href":"http:\/\/argentinamunicipal.com.ar\/argentina\/wp-json\/wp\/v2\/posts\/20559","targetHints":{"allow":["GET"]}}],"collection":[{"href":"http:\/\/argentinamunicipal.com.ar\/argentina\/wp-json\/wp\/v2\/posts"}],"about":[{"href":"http:\/\/argentinamunicipal.com.ar\/argentina\/wp-json\/wp\/v2\/types\/post"}],"author":[{"embeddable":true,"href":"http:\/\/argentinamunicipal.com.ar\/argentina\/wp-json\/wp\/v2\/users\/2"}],"replies":[{"embeddable":true,"href":"http:\/\/argentinamunicipal.com.ar\/argentina\/wp-json\/wp\/v2\/comments?post=20559"}],"version-history":[{"count":0,"href":"http:\/\/argentinamunicipal.com.ar\/argentina\/wp-json\/wp\/v2\/posts\/20559\/revisions"}],"wp:featuredmedia":[{"embeddable":true,"href":"http:\/\/argentinamunicipal.com.ar\/argentina\/wp-json\/wp\/v2\/media\/20560"}],"wp:attachment":[{"href":"http:\/\/argentinamunicipal.com.ar\/argentina\/wp-json\/wp\/v2\/media?parent=20559"}],"wp:term":[{"taxonomy":"category","embeddable":true,"href":"http:\/\/argentinamunicipal.com.ar\/argentina\/wp-json\/wp\/v2\/categories?post=20559"},{"taxonomy":"post_tag","embeddable":true,"href":"http:\/\/argentinamunicipal.com.ar\/argentina\/wp-json\/wp\/v2\/tags?post=20559"}],"curies":[{"name":"wp","href":"https:\/\/api.w.org\/{rel}","templated":true}]}}