{"id":20596,"date":"2014-12-05T08:00:07","date_gmt":"2014-12-05T11:00:07","guid":{"rendered":"http:\/\/argentinamunicipal.com.ar\/argentina\/?p=20596"},"modified":"2014-12-05T09:32:11","modified_gmt":"2014-12-05T12:32:11","slug":"uruguay-asumio-la-presidencia-pro-tempore-de-unasur","status":"publish","type":"post","link":"http:\/\/argentinamunicipal.com.ar\/argentina\/uruguay-asumio-la-presidencia-pro-tempore-de-unasur\/","title":{"rendered":"Uruguay asumi\u00f3 la presidencia pro tempore de UNASUR"},"content":{"rendered":"<p><a href=\"http:\/\/argentinamunicipal.com.ar\/argentina\/wp-content\/uploads\/2014\/12\/531fd6e278c01_565_319.jpg\"><img loading=\"lazy\" decoding=\"async\" class=\"aligncenter size-full wp-image-20597\" src=\"http:\/\/argentinamunicipal.com.ar\/argentina\/wp-content\/uploads\/2014\/12\/531fd6e278c01_565_319.jpg\" alt=\"531fd6e278c01_565_319!\" width=\"565\" height=\"319\" srcset=\"http:\/\/argentinamunicipal.com.ar\/argentina\/wp-content\/uploads\/2014\/12\/531fd6e278c01_565_319.jpg 565w, http:\/\/argentinamunicipal.com.ar\/argentina\/wp-content\/uploads\/2014\/12\/531fd6e278c01_565_319-300x169.jpg 300w\" sizes=\"auto, (max-width: 565px) 100vw, 565px\" \/><\/a><br \/>\nAl recibir la representaci\u00f3n, Mujica pidi\u00f3 voluntad para la integraci\u00f3n y remarc\u00f3 \u00absi no entendemos esto, perderemos una oportunidad irrecuperable, porque habremos llegado tarde\u00bb.<\/p>\n<p>El presidente de Uruguay, Jos\u00e9 Mujica, asumi\u00f3 hoy la presidencia pro tempore de la Uni\u00f3n de Naciones Suramericanas (UNASUR), en una reuni\u00f3n del Consejo de Jefas y Jefes de Estado del organismo, celebrada en Guayaquil, Ecuador.<\/p>\n<p>La entrega la realiz\u00f3 el presidente de Surinam, D\u00e9si Bouterse, cuyo pa\u00eds ostent\u00f3 el cargo regional en el \u00faltimo a\u00f1o.<\/p>\n<p>\u00abNos hemos esforzado para ser un eslab\u00f3n firme en esta cadena\u00bb, dijo Bouterse al resumir su gesti\u00f3n.<\/p>\n<p>Al recibir la representaci\u00f3n, Mujica dio un breve discurso en el que llam\u00f3 a construir \u00abel edificio colosal de la integraci\u00f3n\u00bb, pidiendo para ello voluntad pol\u00edtica.<\/p>\n<p>\u00abSi no entendemos esto, perderemos una oportunidad irrecuperable, porque habremos llegado tarde\u00bb, se\u00f1al\u00f3.<\/p>\n<p>Coment\u00f3 que la regi\u00f3n est\u00e1 200 a\u00f1os tarde en la ventaja que tienen otros pa\u00edses y proclam\u00f3 que hay que \u00abaprender del pasado, de las derrotas, de las c\u00e1rceles, de la deuda social que tiene Am\u00e9rica Latina\u00bb.<\/p>\n<p>Mujica sostuvo que en el mundo hay que rescatar dos cosas, la paz y la dignidad de la pol\u00edtica. Este \u00faltimo como factor de confianza y credibilidad de las personas y advirti\u00f3 que \u00abhay que gritar fuerte en el mundo no a la corrupci\u00f3n\u00bb.<\/p>\n<p>Similar idea de incrementar la integraci\u00f3n hab\u00eda sido expuesta previamente por el anfitri\u00f3n de la reuni\u00f3n del consejo presidencial de UNASUR, el presidente ecuatoriano Rafael Correa, quien sentenci\u00f3 que \u00abcon solo unirnos, podr\u00edamos constituir la cuarta econom\u00eda mundial\u00bb.<\/p>\n<p>Censur\u00f3 la globalizaci\u00f3n econ\u00f3mica porque dijo que \u00abno busca ciudadanos globales, sino consumidores globales\u00bb.<\/p>\n<p>\u00abSeparados, ser\u00e1 el capital transnacional en que imponga las condiciones, unidos, seremos nosotros quienes pongamos las condiciones\u00bb, propuso Correa.<\/p>\n<p>Al Consejo asistieron los doce mandatarios de los pa\u00edses que conforman la UNASUR.<\/p>\n<p>Los jefes de Estado se trasladar\u00e1n esta misma noche a la ciudad de Quito para asistir ma\u00f1ana a la inauguraci\u00f3n de la sede de UNASUR, con excepci\u00f3n de la presidenta de Chile, Michelle Bachelet y de Mujica, quienes regresar\u00e1n desde Guayaquil a sus respectivos pa\u00edses.<\/p>\n<h6>Fuente: MDZ Online<\/h6>\n","protected":false},"excerpt":{"rendered":"<p>Al recibir la representaci\u00f3n, Mujica pidi\u00f3 voluntad para la integraci\u00f3n y remarc\u00f3 \u00absi no entendemos esto, perderemos una oportunidad irrecuperable, porque habremos llegado tarde\u00bb. El presidente de Uruguay, Jos\u00e9 Mujica, asumi\u00f3 hoy la presidencia pro tempore de la Uni\u00f3n de Naciones Suramericanas (UNASUR), en una reuni\u00f3n del Consejo de Jefas y Jefes de Estado del<\/p>\n","protected":false},"author":2,"featured_media":20597,"comment_status":"closed","ping_status":"closed","sticky":false,"template":"","format":"standard","meta":{"footnotes":""},"categories":[22],"tags":[57],"class_list":["post-20596","post","type-post","status-publish","format-standard","has-post-thumbnail","hentry","category-el-mundo","tag-el-mundo"],"_links":{"self":[{"href":"http:\/\/argentinamunicipal.com.ar\/argentina\/wp-json\/wp\/v2\/posts\/20596","targetHints":{"allow":["GET"]}}],"collection":[{"href":"http:\/\/argentinamunicipal.com.ar\/argentina\/wp-json\/wp\/v2\/posts"}],"about":[{"href":"http:\/\/argentinamunicipal.com.ar\/argentina\/wp-json\/wp\/v2\/types\/post"}],"author":[{"embeddable":true,"href":"http:\/\/argentinamunicipal.com.ar\/argentina\/wp-json\/wp\/v2\/users\/2"}],"replies":[{"embeddable":true,"href":"http:\/\/argentinamunicipal.com.ar\/argentina\/wp-json\/wp\/v2\/comments?post=20596"}],"version-history":[{"count":0,"href":"http:\/\/argentinamunicipal.com.ar\/argentina\/wp-json\/wp\/v2\/posts\/20596\/revisions"}],"wp:featuredmedia":[{"embeddable":true,"href":"http:\/\/argentinamunicipal.com.ar\/argentina\/wp-json\/wp\/v2\/media\/20597"}],"wp:attachment":[{"href":"http:\/\/argentinamunicipal.com.ar\/argentina\/wp-json\/wp\/v2\/media?parent=20596"}],"wp:term":[{"taxonomy":"category","embeddable":true,"href":"http:\/\/argentinamunicipal.com.ar\/argentina\/wp-json\/wp\/v2\/categories?post=20596"},{"taxonomy":"post_tag","embeddable":true,"href":"http:\/\/argentinamunicipal.com.ar\/argentina\/wp-json\/wp\/v2\/tags?post=20596"}],"curies":[{"name":"wp","href":"https:\/\/api.w.org\/{rel}","templated":true}]}}