{"id":20611,"date":"2014-12-05T09:52:07","date_gmt":"2014-12-05T12:52:07","guid":{"rendered":"http:\/\/argentinamunicipal.com.ar\/argentina\/?p=20611"},"modified":"2014-12-05T09:52:07","modified_gmt":"2014-12-05T12:52:07","slug":"reconoceran-bariloche-como-municipio-intercultural","status":"publish","type":"post","link":"http:\/\/argentinamunicipal.com.ar\/argentina\/reconoceran-bariloche-como-municipio-intercultural\/","title":{"rendered":"Reconocer\u00e1n a Bariloche como municipio intercultural"},"content":{"rendered":"<p><a href=\"http:\/\/argentinamunicipal.com.ar\/argentina\/wp-content\/uploads\/2014\/12\/imagen2.jpg\"><img loading=\"lazy\" decoding=\"async\" class=\"aligncenter  wp-image-20612\" src=\"http:\/\/argentinamunicipal.com.ar\/argentina\/wp-content\/uploads\/2014\/12\/imagen2.jpg\" alt=\"NEUQUEN 24-06-2014.\" width=\"669\" height=\"436\" srcset=\"http:\/\/argentinamunicipal.com.ar\/argentina\/wp-content\/uploads\/2014\/12\/imagen2.jpg 800w, http:\/\/argentinamunicipal.com.ar\/argentina\/wp-content\/uploads\/2014\/12\/imagen2-300x195.jpg 300w\" sizes=\"auto, (max-width: 669px) 100vw, 669px\" \/><\/a><br \/>\nSe proyecto en el Concejo cuenta con el aval de la mayor\u00eda del cuerpo legislativo. La iniciativa fue presentada por el Espacio de Articulaci\u00f3n Mapuche.<\/p>\n<p>El Espacio de Articulaci\u00f3n Mapuche aguarda la aprobaci\u00f3n del proyecto que present\u00f3 ante el Concejo Municipal para reconocer a Bariloche como \u00abmunicipio intercultural\u00bb. El proyecto cuenta con el aval de la mayor\u00eda de los ediles.<\/p>\n<p>Los fundamentos expuestos en el proyecto de ordenanza 702-14 consignan que \u00abBariloche se encuentra asentada sobre el territorio que habita desde siempre el pueblo mapuche y dem\u00e1s pueblos originarios de la regi\u00f3n, preexistiendo a cualquier tipo de organciaci\u00f3n estatal\u00bb.<\/p>\n<p>El documento adem\u00e1s cita el art\u00edculo 210 de la Carta Org\u00e1nica Municipal que \u00abreconoce la preexistencia del pueblo mapuche y dem\u00e1s pueblos originarios, garantiza el respeto a su identidad, promueve el derecho a una educaci\u00f3n biling\u00fce, reivindica el valor de su cultura y espiritualidad, reconoce la posesi\u00f3n comunitaria de las tierras que ocupan, asegura su participaci\u00f3n en la gesti\u00f3n de los recursos naturales promueve el etnoturismo\u00bb entre otros.<\/p>\n<p>El presidente del Concejo Municipal, Ram\u00f3n Chiocconi dialog\u00f3 con La Ma\u00f1ana de Radio Seis y dijo que \u00abla gran mayor\u00eda de los concejales estuvo de acuerdo en adherir y hoy es un proyecto que lo que hace es avanzar y dar un paso m\u00e1s en lo que dice la Carta Org\u00e1nica que es muy inclusiva y tiene en cuenta la historia de Bariloche que no empieza un 3 de mayo de 1902\u00bb sostuvo.<\/p>\n<p>El concejal coment\u00f3 a modo de ejemplo que cuando observ\u00f3 un listado de trabajadores del SOyEM incluido en un proyecto de ordenanza, se dio cuenta que \u00abmirando los nombres uno ve que el 50% son nombres de origen de los pueblos originarios o sea que hay sangre, hay historia, filosofia y una lengua que debe ser no solamente respetada sino tambien recuperada\u00bb dijo.<\/p>\n<p>Por otra parte, uno de los referentes del Espacio de Articulaci\u00f3n Mapuche, Sanmartiniano Painefil dialog\u00f3 con El Vespertino de Radio Seis y mencion\u00f3 que \u00abes un proyecto que venimos trabajando hace muchos a\u00f1os cuando empezamos a demandar que se reglamente lo que dice la Carta Org\u00e1nica Municipal\u00bb.<\/p>\n<p>\u00abEn comparaci\u00f3n a como est\u00e1bamos antes, \u00e9sto es un paso. Es una heramienta re importante, porque uno puede iniciar un trabajo en el cual podemos hablar de igual a igual y dejar los rencores de lado para que puedan ser superados\u00bb concluy\u00f3.<\/p>\n<h6>Fuente: Bariloche 2000<\/h6>\n","protected":false},"excerpt":{"rendered":"<p>Se proyecto en el Concejo cuenta con el aval de la mayor\u00eda del cuerpo legislativo. La iniciativa fue presentada por el Espacio de Articulaci\u00f3n Mapuche. El Espacio de Articulaci\u00f3n Mapuche aguarda la aprobaci\u00f3n del proyecto que present\u00f3 ante el Concejo Municipal para reconocer a Bariloche como \u00abmunicipio intercultural\u00bb. El proyecto cuenta con el aval de<\/p>\n","protected":false},"author":2,"featured_media":20612,"comment_status":"closed","ping_status":"closed","sticky":false,"template":"","format":"standard","meta":{"footnotes":""},"categories":[2],"tags":[11],"class_list":["post-20611","post","type-post","status-publish","format-standard","has-post-thumbnail","hentry","category-informe-municipal","tag-rio-negro"],"_links":{"self":[{"href":"http:\/\/argentinamunicipal.com.ar\/argentina\/wp-json\/wp\/v2\/posts\/20611","targetHints":{"allow":["GET"]}}],"collection":[{"href":"http:\/\/argentinamunicipal.com.ar\/argentina\/wp-json\/wp\/v2\/posts"}],"about":[{"href":"http:\/\/argentinamunicipal.com.ar\/argentina\/wp-json\/wp\/v2\/types\/post"}],"author":[{"embeddable":true,"href":"http:\/\/argentinamunicipal.com.ar\/argentina\/wp-json\/wp\/v2\/users\/2"}],"replies":[{"embeddable":true,"href":"http:\/\/argentinamunicipal.com.ar\/argentina\/wp-json\/wp\/v2\/comments?post=20611"}],"version-history":[{"count":0,"href":"http:\/\/argentinamunicipal.com.ar\/argentina\/wp-json\/wp\/v2\/posts\/20611\/revisions"}],"wp:featuredmedia":[{"embeddable":true,"href":"http:\/\/argentinamunicipal.com.ar\/argentina\/wp-json\/wp\/v2\/media\/20612"}],"wp:attachment":[{"href":"http:\/\/argentinamunicipal.com.ar\/argentina\/wp-json\/wp\/v2\/media?parent=20611"}],"wp:term":[{"taxonomy":"category","embeddable":true,"href":"http:\/\/argentinamunicipal.com.ar\/argentina\/wp-json\/wp\/v2\/categories?post=20611"},{"taxonomy":"post_tag","embeddable":true,"href":"http:\/\/argentinamunicipal.com.ar\/argentina\/wp-json\/wp\/v2\/tags?post=20611"}],"curies":[{"name":"wp","href":"https:\/\/api.w.org\/{rel}","templated":true}]}}