{"id":20684,"date":"2014-12-06T08:54:52","date_gmt":"2014-12-06T11:54:52","guid":{"rendered":"http:\/\/argentinamunicipal.com.ar\/argentina\/?p=20684"},"modified":"2014-12-06T08:54:52","modified_gmt":"2014-12-06T11:54:52","slug":"mujica-reclamo-obama-el-fin-del-bloqueo-cuba","status":"publish","type":"post","link":"http:\/\/argentinamunicipal.com.ar\/argentina\/mujica-reclamo-obama-el-fin-del-bloqueo-cuba\/","title":{"rendered":"Mujica reclam\u00f3 a Obama el fin del bloqueo a Cuba"},"content":{"rendered":"<div id=\"attachment_20685\" style=\"width: 631px\" class=\"wp-caption aligncenter\"><a href=\"http:\/\/argentinamunicipal.com.ar\/argentina\/wp-content\/uploads\/2014\/12\/12-06em3401-na.jpg_88717827.jpg\"><img loading=\"lazy\" decoding=\"async\" aria-describedby=\"caption-attachment-20685\" class=\"size-full wp-image-20685\" src=\"http:\/\/argentinamunicipal.com.ar\/argentina\/wp-content\/uploads\/2014\/12\/12-06em3401-na.jpg_88717827.jpg\" alt=\"Petici\u00f3n. \u201dPepe\u201d Mujica quiere que EEUU libere a sus prisioneros pol\u00edticos.\" width=\"621\" height=\"465\" srcset=\"http:\/\/argentinamunicipal.com.ar\/argentina\/wp-content\/uploads\/2014\/12\/12-06em3401-na.jpg_88717827.jpg 621w, http:\/\/argentinamunicipal.com.ar\/argentina\/wp-content\/uploads\/2014\/12\/12-06em3401-na.jpg_88717827-300x224.jpg 300w\" sizes=\"auto, (max-width: 621px) 100vw, 621px\" \/><\/a><p id=\"caption-attachment-20685\" class=\"wp-caption-text\">Petici\u00f3n. \u201dPepe\u201d Mujica quiere que EEUU libere a sus prisioneros pol\u00edticos.<\/p><\/div>\n<p>En una carta abierta en la web, el mandatario uruguayo explic\u00f3 por qu\u00e9 decidi\u00f3 albergar a seis presos de Guant\u00e1namo, cuya llegada al pa\u00eds est\u00e1 prevista para el lunes.<\/p>\n<p>El presidente Jos\u00e9 Mujica pidi\u00f3 que Estados Unidos levante el bloqueo a Cuba en una carta abierta al presidente Barack Obama publicada ayer en el sitio web de la presidencia con motivo de la inminente llegada a Uruguay de seis presos de la c\u00e1rcel de Guant\u00e1namo. \u201cLa ocasi\u00f3n ahora jubilosa es propicia para que reclamemos nuevamente el levantamiento del injusto e injustificable embargo a nuestra hermana Rep\u00fablica de Cuba cuyo h\u00e9roe nacional (el escritor y periodista Jos\u00e9 Mart\u00ed) fuera c\u00f3nsul de Paraguay, Argentina y Uruguay en Nueva York\u2019\u2019, dijo Mujica en su carta.<\/p>\n<p>El presidente uruguayo ley\u00f3 parte de la misiva en su audici\u00f3n radial, pero esta referencia no fue emitida, y se agreg\u00f3 horas despu\u00e9s en el sitio de la presidencia en internet. Mujica tambi\u00e9n pidi\u00f3 que \u201cla liberaci\u00f3n de Oscar L\u00f3pez Rivera, luchador independentista portorrique\u00f1o de 60 a\u00f1os, preso pol\u00edtico en Estados Unidos desde hace m\u00e1s de treinta, doce de los cuales en celda de aislamiento. Y la liberaci\u00f3n de Antonio Guerrero, Ram\u00f3n Laba\u00f1ino y Gerardo Hern\u00e1ndez, cubanos presos en Estados Unidos desde hace 16 a\u00f1os\u201d.<\/p>\n<p>Los pedidos se dieron en el marco de una alocuci\u00f3n del presidente respecto a la inminente llegada a Uruguay de seis presos liberados de la c\u00e1rcel de Guant\u00e1namo, encarcelados sin juicio por sus supuestos nexos con el terrorismo isl\u00e1mico. Mujica no confirm\u00f3 la fecha de llegada, ni se refiri\u00f3 a versiones de prensa que dicen que los liberados llegar\u00e1n el pr\u00f3ximo lunes. \u201cHemos ofrecido nuestra hospitalidad a seres humanos que sufr\u00edan un atroz secuestro en Guant\u00e1namo. La raz\u00f3n ineludible, es humanitaria\u201d, dijo Mujica y reafirm\u00f3 la centenaria tradici\u00f3n uruguaya de recibir inmigrantes y perseguidos pol\u00edticos ya sea por \u201cguerras internacionales, guerras civiles, tiran\u00edas, persecuciones religiosas y raciales, pobreza y tambi\u00e9n extrema miseria, lejanas o muy cercanas\u201d.<\/p>\n<p>Desde que Obama asumi\u00f3 la presidencia, EEUU ha liberado a 43 presos de Guant\u00e1namo envi\u00e1ndolos a 17 pa\u00edses que aceptaron acogerlos. Otros 38 fueron enviados a su patria. Otros 154 permanecen en la prisi\u00f3n ubicada en la isla de Cuba.<\/p>\n<p>Seg\u00fan se anunci\u00f3, los seis prisioneros que el gobierno uruguayo acept\u00f3 recibir en su territorio ser\u00e1n trasladados de inmediato al Hospital Militar, una vez llegados a Montevideo. Se trata de Mohammed Tahamatan, palestino de 35 a\u00f1os; Abu Wael Dhiab, sirio de 43; Abd Hadi Faraj, sirio de 39; Ali al Shabaan, sirio de 32; Ahmed Adnan Ahjam, sirio de 36, y un tunecino cuya identidad y dem\u00e1s datos se desconocen. Todos ellos estuvieron detenidos en Guant\u00e1namo desde 2002 sin juicio luego de que fueron hechos prisioneros en Pakist\u00e1n y declarados como \u201cliberables\u201d por ser considerados de baja peligrosidad.<\/p>\n<p>Sin retorno. A su vez, el canciller uruguayo, Luis Almagro, inform\u00f3 igualmente que los seis detenidos de Guant\u00e1namo que ser\u00e1n enviados a ese pa\u00eds podr\u00e1n llevar a sus familias ya que es \u201cpr\u00e1cticamente imposible\u201d que vuelvan a sus pa\u00edses de origen. La llegada de los reclusos estaba prevista para agosto, pero fue postergada por las elecciones presidenciales en Uruguay que se realizaron el domingo 30 de noviembre y en las que triunf\u00f3 el candidato del gobernante Frente Amplio, Tabar\u00e9 V\u00e1zquez. La idea de refugiar a los reclusos es rechazada por el 58% de los uruguayos por temores sobre la seguridad, seg\u00fan una encuesta reciente de la consultora Cifra.<\/p>\n<h6>Fuente: La Capital, Rosario<\/h6>\n","protected":false},"excerpt":{"rendered":"<p>En una carta abierta en la web, el mandatario uruguayo explic\u00f3 por qu\u00e9 decidi\u00f3 albergar a seis presos de Guant\u00e1namo, cuya llegada al pa\u00eds est\u00e1 prevista para el lunes. El presidente Jos\u00e9 Mujica pidi\u00f3 que Estados Unidos levante el bloqueo a Cuba en una carta abierta al presidente Barack Obama publicada ayer en el sitio<\/p>\n","protected":false},"author":2,"featured_media":20685,"comment_status":"closed","ping_status":"closed","sticky":false,"template":"","format":"standard","meta":{"footnotes":""},"categories":[22],"tags":[57],"class_list":["post-20684","post","type-post","status-publish","format-standard","has-post-thumbnail","hentry","category-el-mundo","tag-el-mundo"],"_links":{"self":[{"href":"http:\/\/argentinamunicipal.com.ar\/argentina\/wp-json\/wp\/v2\/posts\/20684","targetHints":{"allow":["GET"]}}],"collection":[{"href":"http:\/\/argentinamunicipal.com.ar\/argentina\/wp-json\/wp\/v2\/posts"}],"about":[{"href":"http:\/\/argentinamunicipal.com.ar\/argentina\/wp-json\/wp\/v2\/types\/post"}],"author":[{"embeddable":true,"href":"http:\/\/argentinamunicipal.com.ar\/argentina\/wp-json\/wp\/v2\/users\/2"}],"replies":[{"embeddable":true,"href":"http:\/\/argentinamunicipal.com.ar\/argentina\/wp-json\/wp\/v2\/comments?post=20684"}],"version-history":[{"count":0,"href":"http:\/\/argentinamunicipal.com.ar\/argentina\/wp-json\/wp\/v2\/posts\/20684\/revisions"}],"wp:featuredmedia":[{"embeddable":true,"href":"http:\/\/argentinamunicipal.com.ar\/argentina\/wp-json\/wp\/v2\/media\/20685"}],"wp:attachment":[{"href":"http:\/\/argentinamunicipal.com.ar\/argentina\/wp-json\/wp\/v2\/media?parent=20684"}],"wp:term":[{"taxonomy":"category","embeddable":true,"href":"http:\/\/argentinamunicipal.com.ar\/argentina\/wp-json\/wp\/v2\/categories?post=20684"},{"taxonomy":"post_tag","embeddable":true,"href":"http:\/\/argentinamunicipal.com.ar\/argentina\/wp-json\/wp\/v2\/tags?post=20684"}],"curies":[{"name":"wp","href":"https:\/\/api.w.org\/{rel}","templated":true}]}}