{"id":20712,"date":"2014-12-06T09:43:09","date_gmt":"2014-12-06T12:43:09","guid":{"rendered":"http:\/\/argentinamunicipal.com.ar\/argentina\/?p=20712"},"modified":"2014-12-06T09:43:09","modified_gmt":"2014-12-06T12:43:09","slug":"preparan-un-corredor-cultural-para-visitar-durante-la-cumbre-del-mercosur-en-parana","status":"publish","type":"post","link":"http:\/\/argentinamunicipal.com.ar\/argentina\/preparan-un-corredor-cultural-para-visitar-durante-la-cumbre-del-mercosur-en-parana\/","title":{"rendered":"Preparan un \u00abcorredor cultural\u00bb para visitar durante la cumbre del Mercosur en Paran\u00e1"},"content":{"rendered":"<p><a href=\"http:\/\/argentinamunicipal.com.ar\/argentina\/wp-content\/uploads\/2014\/12\/1352892098_Catedral_Paran\u00e1.jpg\"><img loading=\"lazy\" decoding=\"async\" class=\"aligncenter size-full wp-image-20713\" src=\"http:\/\/argentinamunicipal.com.ar\/argentina\/wp-content\/uploads\/2014\/12\/1352892098_Catedral_Paran\u00e1.jpg\" alt=\"1352892098_Catedral_Paran\u00e1\" width=\"500\" height=\"375\" srcset=\"http:\/\/argentinamunicipal.com.ar\/argentina\/wp-content\/uploads\/2014\/12\/1352892098_Catedral_Paran\u00e1.jpg 500w, http:\/\/argentinamunicipal.com.ar\/argentina\/wp-content\/uploads\/2014\/12\/1352892098_Catedral_Paran\u00e1-300x225.jpg 300w\" sizes=\"auto, (max-width: 500px) 100vw, 500px\" \/><\/a><\/p>\n<p>La intendenta de Paran\u00e1, Blanca Osuna, anunci\u00f3 que durante la cumbre del Mercosur, habr\u00e1 un \u201ccorredor cultural\u201d en la capital entrerriana \u2022 El paseo, que contar\u00e1 con exposiciones sobre la identidad entrerriana y sobre la de los pa\u00edses que nos visitar\u00e1n, se ubicar\u00e1 desde la plaza 1\u00ba de mayo pasando por la peatonal, hasta la plaza Alvear \u2022 \u201cAc\u00e1 pasar\u00e1 algo clave\u201d dijo la Jefa Comunal a APFDigital y critic\u00f3 a los que \u201cpierden la perspectiva de la envergadura del evento\u201d<\/p>\n<p>\u201cEstamos preparando toda una actividad cultural en un corredor cultural que ir\u00e1 desde la plaza 1\u00ba de Mayo a la Plaza Alvear. Lo hemos hecho trabajando con las Embajadas y con representantes de lo local en una conjunci\u00f3n que nos permitir\u00e1 mostrar las se\u00f1ales de quienes nos visiten y al mismo tiempo mostrar lo que somos los paranaenses y los entrerrianos\u201d, anunci\u00f3 Blanca Osuna.<\/p>\n<p>El paseo cultural estar\u00e1 armado ya desde el pr\u00f3ximo fin de semana y podr\u00e1 visitarse hasta el 16 inclusive, puntualiz\u00f3 la Intendenta.<\/p>\n<p>Por otra parte, la Jefa Comunal realz\u00f3 la jerarqu\u00eda del evento que tendr\u00e1 a Paran\u00e1 como protagonista en el marco de la XLVII Reuni\u00f3n Ordinaria del Consejo del Mercado Com\u00fan y pos\u00f3 la mirada sobre quienes critican la reuni\u00f3n.<\/p>\n<p>\u201cYo creo que poner s\u00f3lo el acento en los cortes de calle es perder perspectiva de la envergadura del evento. Hay quienes se han puesto las anteojeras y quieren hacer parecer que la importancia de la Cumbre pasa por las acreditaciones con la Federal y la zona de exclusi\u00f3n\u201d, se\u00f1al\u00f3 la Intendenta a esta Agencia.<\/p>\n<p>\u201cPor favor\u201d &#8211; reclam\u00f3 despu\u00e9s \u201cac\u00e1 pasar\u00e1 algo clave; el Mercosur que naci\u00f3 como un acuerdo aduanero entre dos pa\u00edses Argentina y Brasil y hoy lo ha trascendido ampliamente\u201d, sostuvo.<\/p>\n<p>\u201cPlantearnos ser ciudadanos orgullosos de lo que suceder\u00e1 es asumir que el Gobierno viene trabajando fuertemente en dejar una impronta de defensa de la soberan\u00eda latinoamericana y de la identidad\u201d, complet\u00f3 Osuna.<\/p>\n<h6>Fuente: APF Digital<\/h6>\n","protected":false},"excerpt":{"rendered":"<p>La intendenta de Paran\u00e1, Blanca Osuna, anunci\u00f3 que durante la cumbre del Mercosur, habr\u00e1 un \u201ccorredor cultural\u201d en la capital entrerriana \u2022 El paseo, que contar\u00e1 con exposiciones sobre la identidad entrerriana y sobre la de los pa\u00edses que nos visitar\u00e1n, se ubicar\u00e1 desde la plaza 1\u00ba de mayo pasando por la peatonal, hasta la<\/p>\n","protected":false},"author":2,"featured_media":20713,"comment_status":"closed","ping_status":"closed","sticky":false,"template":"","format":"standard","meta":{"footnotes":""},"categories":[2],"tags":[17],"class_list":["post-20712","post","type-post","status-publish","format-standard","has-post-thumbnail","hentry","category-informe-municipal","tag-entre-rios"],"_links":{"self":[{"href":"http:\/\/argentinamunicipal.com.ar\/argentina\/wp-json\/wp\/v2\/posts\/20712","targetHints":{"allow":["GET"]}}],"collection":[{"href":"http:\/\/argentinamunicipal.com.ar\/argentina\/wp-json\/wp\/v2\/posts"}],"about":[{"href":"http:\/\/argentinamunicipal.com.ar\/argentina\/wp-json\/wp\/v2\/types\/post"}],"author":[{"embeddable":true,"href":"http:\/\/argentinamunicipal.com.ar\/argentina\/wp-json\/wp\/v2\/users\/2"}],"replies":[{"embeddable":true,"href":"http:\/\/argentinamunicipal.com.ar\/argentina\/wp-json\/wp\/v2\/comments?post=20712"}],"version-history":[{"count":0,"href":"http:\/\/argentinamunicipal.com.ar\/argentina\/wp-json\/wp\/v2\/posts\/20712\/revisions"}],"wp:featuredmedia":[{"embeddable":true,"href":"http:\/\/argentinamunicipal.com.ar\/argentina\/wp-json\/wp\/v2\/media\/20713"}],"wp:attachment":[{"href":"http:\/\/argentinamunicipal.com.ar\/argentina\/wp-json\/wp\/v2\/media?parent=20712"}],"wp:term":[{"taxonomy":"category","embeddable":true,"href":"http:\/\/argentinamunicipal.com.ar\/argentina\/wp-json\/wp\/v2\/categories?post=20712"},{"taxonomy":"post_tag","embeddable":true,"href":"http:\/\/argentinamunicipal.com.ar\/argentina\/wp-json\/wp\/v2\/tags?post=20712"}],"curies":[{"name":"wp","href":"https:\/\/api.w.org\/{rel}","templated":true}]}}