{"id":20715,"date":"2014-12-06T09:45:25","date_gmt":"2014-12-06T12:45:25","guid":{"rendered":"http:\/\/argentinamunicipal.com.ar\/argentina\/?p=20715"},"modified":"2014-12-06T09:45:25","modified_gmt":"2014-12-06T12:45:25","slug":"se-inauguraron-nuevas-viviendas-en-el-departamento-gualeguaychu","status":"publish","type":"post","link":"http:\/\/argentinamunicipal.com.ar\/argentina\/se-inauguraron-nuevas-viviendas-en-el-departamento-gualeguaychu\/","title":{"rendered":"Se inauguraron nuevas viviendas en el departamento Gualeguaych\u00fa"},"content":{"rendered":"<p><a href=\"http:\/\/argentinamunicipal.com.ar\/argentina\/wp-content\/uploads\/2014\/12\/e_1417807321.jpg\"><img loading=\"lazy\" decoding=\"async\" class=\"alignleft size-full wp-image-20716\" src=\"http:\/\/argentinamunicipal.com.ar\/argentina\/wp-content\/uploads\/2014\/12\/e_1417807321.jpg\" alt=\"e_1417807321\" width=\"432\" height=\"324\" srcset=\"http:\/\/argentinamunicipal.com.ar\/argentina\/wp-content\/uploads\/2014\/12\/e_1417807321.jpg 432w, http:\/\/argentinamunicipal.com.ar\/argentina\/wp-content\/uploads\/2014\/12\/e_1417807321-300x225.jpg 300w\" sizes=\"auto, (max-width: 432px) 100vw, 432px\" \/><\/a>Nueve viviendas se inauguraron en la localidad de Carb\u00f3, departamento Gualeguaych\u00fa. Se ejecutaron a trav\u00e9s de los programas de la Unidad Ejecutora de Programas Especiales, con una inversi\u00f3n total que super\u00f3 los 2 millones de pesos.<\/p>\n<p>En Carb\u00f3 se ejecutaron cuatro viviendas por cooperativas por un monto total de inversi\u00f3n de 786.400 pesos y cinco viviendas rurales con un monto total de inversi\u00f3n de 1,2 millones de pesos; las mismas se llevaron adelante a trav\u00e9s del consorcio del departamento Gualeguaych\u00fa.<\/p>\n<p>En la ocasi\u00f3n, el ministro de Planeamiento, Infraestructura y Servicios, Juan Javier Garc\u00eda, sostuvo que \u201ctodos estos logros han sido posibles porque ha habido un proyecto nacional y popular que nos brinda las herramientas para llevar obras como estas adelante; obras que se repitan a lo largo y a lo ancho de la provincia, estamos viviendo este presente porque ha habido un gobernador, Sergio Urribarri, quien nos ha permitido ser parte de un proyecto colectivo y de inclusi\u00f3n\u201d.<\/p>\n<p>Por otra parte se refiri\u00f3 a que \u201choy el criterio de la provincia es hacer en funci\u00f3n de la ejecuci\u00f3n, a medida que se inauguran viviendas, llegar\u00e1n nuevos hogares para nuestros pueblos\u201d.<\/p>\n<p>Adem\u00e1s, se refiri\u00f3 al trabajo que se lleva adelante a trav\u00e9s del consorcio junto al municipio local y dijo que \u201cel esfuerzo en conjunto de todos los actores es lo que ha permitido que estas obras hoy lleguen a esta instancia, obras que dignifican a todo el pueblo entrerriano, siendo que m\u00e1s familias podr\u00e1n tener mejor calidad de vida\u201d.<\/p>\n<p>El intendente de Carbo expres\u00f3: \u201cEs una gran alegr\u00eda para un funcionario poder inaugurar estas viviendas, que son el verdadero articulador de la familia\u201d. Adem\u00e1s agreg\u00f3 que \u201cel techo propio fortalece a la familia que es el n\u00facleo fundamental de la sociedad, por eso est\u00e1n aqu\u00ed los verdaderos hacedores, los que tienen el m\u00e9rito junto con todos ustedes de realizar las gestiones y cumplir con su deber de funcionarios que aqu\u00ed est\u00e1n presentes\u201d.<\/p>\n<p>Al finalizar dijo que \u201cesto es producto del esfuerzo de todos, de un gobierno encabezado por Sergio Urribarri, un gobierno de inclusi\u00f3n y ustedes viven una gran transformaci\u00f3n de nuestro pueblo\u201d.<\/p>\n<p>En representaci\u00f3n de los adjudicatarios, Diana Ocampo, expres\u00f3 su agradecimiento y dijo que \u201choy nueve familias cumplir\u00e1n su sue\u00f1o y podr\u00e1n decir con orgullo Mi Casa, la que transformar\u00e1n en un hogar y se har\u00e1 de sue\u00f1os, afectos y emociones; este d\u00eda se resume en un gracias con may\u00fascula porque nadie est\u00e1 obligado a darnos nada, cuando alguien hace algo para beneficiarnos no podemos desplegar la soberbia de la indiferencia, eso lastima a quien nos hizo bien, no siempre nos detenemos a retribuir\u201d.<\/p>\n<p>El intendente de Larroque, Ra\u00fal Riganti, recibi\u00f3 la orden de pago por el tercer desembolso por un monto de un mill\u00f3n de pesos correspondientes al grupo habitacional de 18 unidades que se ejecutan por cooperativas con un total de inversi\u00f3n de 4,2 millones de pesos.<\/p>\n<p>En tanto, el intendente de Urdinarrain, Alberto Ledri, recibi\u00f3 la orden de pago por 231.120 pesos correspondientes al quinto desembolso para la ejecuci\u00f3n de seis viviendas con una inversi\u00f3n total de 1,1 mill\u00f3n de pesos.<\/p>\n<p>El consorcio de gesti\u00f3n para la vivienda de Gualeguaych\u00fa recibi\u00f3 un aporte provincial de 120.000 pesos.<\/p>\n<p>La ceremonia cont\u00f3 adem\u00e1s con la presencia del titular de la UEPE, Daniel Irigoyen y el intendente de Carb\u00f3, Rodolfo Romero. Tambi\u00e9n acompa\u00f1aron la diputada provincial, Leticia Angerosa; intendentes del departamento, presidentes de juntas de gobierno, y el presidente del consorcio de gesti\u00f3n para la vivienda del departamento Gualeguaych\u00fa, Daniel Colazo.<\/p>\n<h6>Fuente: El Once<\/h6>\n","protected":false},"excerpt":{"rendered":"<p>Nueve viviendas se inauguraron en la localidad de Carb\u00f3, departamento Gualeguaych\u00fa. Se ejecutaron a trav\u00e9s de los programas de la Unidad Ejecutora de Programas Especiales, con una inversi\u00f3n total que super\u00f3 los 2 millones de pesos. En Carb\u00f3 se ejecutaron cuatro viviendas por cooperativas por un monto total de inversi\u00f3n de 786.400 pesos y cinco<\/p>\n","protected":false},"author":2,"featured_media":20716,"comment_status":"closed","ping_status":"closed","sticky":false,"template":"","format":"standard","meta":{"footnotes":""},"categories":[2],"tags":[17],"class_list":["post-20715","post","type-post","status-publish","format-standard","has-post-thumbnail","hentry","category-informe-municipal","tag-entre-rios"],"_links":{"self":[{"href":"http:\/\/argentinamunicipal.com.ar\/argentina\/wp-json\/wp\/v2\/posts\/20715","targetHints":{"allow":["GET"]}}],"collection":[{"href":"http:\/\/argentinamunicipal.com.ar\/argentina\/wp-json\/wp\/v2\/posts"}],"about":[{"href":"http:\/\/argentinamunicipal.com.ar\/argentina\/wp-json\/wp\/v2\/types\/post"}],"author":[{"embeddable":true,"href":"http:\/\/argentinamunicipal.com.ar\/argentina\/wp-json\/wp\/v2\/users\/2"}],"replies":[{"embeddable":true,"href":"http:\/\/argentinamunicipal.com.ar\/argentina\/wp-json\/wp\/v2\/comments?post=20715"}],"version-history":[{"count":0,"href":"http:\/\/argentinamunicipal.com.ar\/argentina\/wp-json\/wp\/v2\/posts\/20715\/revisions"}],"wp:featuredmedia":[{"embeddable":true,"href":"http:\/\/argentinamunicipal.com.ar\/argentina\/wp-json\/wp\/v2\/media\/20716"}],"wp:attachment":[{"href":"http:\/\/argentinamunicipal.com.ar\/argentina\/wp-json\/wp\/v2\/media?parent=20715"}],"wp:term":[{"taxonomy":"category","embeddable":true,"href":"http:\/\/argentinamunicipal.com.ar\/argentina\/wp-json\/wp\/v2\/categories?post=20715"},{"taxonomy":"post_tag","embeddable":true,"href":"http:\/\/argentinamunicipal.com.ar\/argentina\/wp-json\/wp\/v2\/tags?post=20715"}],"curies":[{"name":"wp","href":"https:\/\/api.w.org\/{rel}","templated":true}]}}