{"id":20834,"date":"2014-12-10T09:12:29","date_gmt":"2014-12-10T12:12:29","guid":{"rendered":"http:\/\/argentinamunicipal.com.ar\/argentina\/?p=20834"},"modified":"2014-12-10T09:12:29","modified_gmt":"2014-12-10T12:12:29","slug":"la-municipalidad-de-crespo-recibio-33-millones-para-obras-en-el-parque-industrial","status":"publish","type":"post","link":"http:\/\/argentinamunicipal.com.ar\/argentina\/la-municipalidad-de-crespo-recibio-33-millones-para-obras-en-el-parque-industrial\/","title":{"rendered":"La Municipalidad de Crespo recibi\u00f3 $ 3,3 millones para obras en el Parque Industrial"},"content":{"rendered":"<p><a href=\"http:\/\/argentinamunicipal.com.ar\/argentina\/wp-content\/uploads\/2014\/12\/o_1407297034.jpg\"><img loading=\"lazy\" decoding=\"async\" class=\"aligncenter size-full wp-image-20835\" src=\"http:\/\/argentinamunicipal.com.ar\/argentina\/wp-content\/uploads\/2014\/12\/o_1407297034.jpg\" alt=\"o_1407297034\" width=\"640\" height=\"360\" srcset=\"http:\/\/argentinamunicipal.com.ar\/argentina\/wp-content\/uploads\/2014\/12\/o_1407297034.jpg 640w, http:\/\/argentinamunicipal.com.ar\/argentina\/wp-content\/uploads\/2014\/12\/o_1407297034-300x168.jpg 300w\" sizes=\"auto, (max-width: 640px) 100vw, 640px\" \/><\/a><\/p>\n<p>En el marco del VI Encuentro Nacional y el I Encuentro Internacional de Parques Industriales, el municipio de Crespo recibi\u00f3 un aporte no reintegrable de 3.300.000 de pesos para obras de pavimentaci\u00f3n en el complejo fabril local.<\/p>\n<p>El titular del \u00c1rea de Producci\u00f3n, Javier Fontana, se\u00f1al\u00f3 que dichos fondos \u201cresponden a las gestiones realizadas por el Ejecutivo meses atr\u00e1s, cuando a partir de la obtenci\u00f3n del reconocimiento nacional, pudo acceder por primera vez a que un proyecto de estas caracter\u00edsticas sea evaluado por el gobierno nacional para su financiamiento. Haber alcanzado la categor\u00eda de Parque Industrial nos abre muchas puertas a la hora de gestionar obras de infraestructura. En la primera semana de septiembre presentamos en Buenos Aires la carpeta, con una planificaci\u00f3n de desarrollo que incluye pavimentaci\u00f3n, red de agua, cloacas y dem\u00e1s. A tres meses de ello, estamos recibiendo un importante desembolso de dinero para poder comenzar con esa ampliaci\u00f3n. Somos conscientes que fortaleciendo este sector de la ciudad, estamos contribuyendo a que m\u00e1s empresas nos elijan como punto de radicaci\u00f3n y de ese modo, se mantiene y acrecienta el empleo a nivel local\u201d.<\/p>\n<p>Fontana detall\u00f3 a El Observador del Litoral que \u201ceste primer aporte, permitir\u00e1 dar respuesta a muchos empresarios que necesitan del pavimento para un mejor ingreso y egreso de sus producciones y provisiones. Asimismo, esta obra favorecer\u00e1 el contexto que se requiere para la futura creaci\u00f3n de un SUM (Sal\u00f3n de Usos M\u00faltiples) para reuniones y capacitaciones, como as\u00ed tambi\u00e9n boxes que nucleen producciones afines\u201d.<\/p>\n<h6>Fuente: APF Digital<\/h6>\n","protected":false},"excerpt":{"rendered":"<p>En el marco del VI Encuentro Nacional y el I Encuentro Internacional de Parques Industriales, el municipio de Crespo recibi\u00f3 un aporte no reintegrable de 3.300.000 de pesos para obras de pavimentaci\u00f3n en el complejo fabril local. El titular del \u00c1rea de Producci\u00f3n, Javier Fontana, se\u00f1al\u00f3 que dichos fondos \u201cresponden a las gestiones realizadas por<\/p>\n","protected":false},"author":2,"featured_media":20835,"comment_status":"closed","ping_status":"closed","sticky":false,"template":"","format":"standard","meta":{"footnotes":""},"categories":[2],"tags":[17],"class_list":["post-20834","post","type-post","status-publish","format-standard","has-post-thumbnail","hentry","category-informe-municipal","tag-entre-rios"],"_links":{"self":[{"href":"http:\/\/argentinamunicipal.com.ar\/argentina\/wp-json\/wp\/v2\/posts\/20834","targetHints":{"allow":["GET"]}}],"collection":[{"href":"http:\/\/argentinamunicipal.com.ar\/argentina\/wp-json\/wp\/v2\/posts"}],"about":[{"href":"http:\/\/argentinamunicipal.com.ar\/argentina\/wp-json\/wp\/v2\/types\/post"}],"author":[{"embeddable":true,"href":"http:\/\/argentinamunicipal.com.ar\/argentina\/wp-json\/wp\/v2\/users\/2"}],"replies":[{"embeddable":true,"href":"http:\/\/argentinamunicipal.com.ar\/argentina\/wp-json\/wp\/v2\/comments?post=20834"}],"version-history":[{"count":0,"href":"http:\/\/argentinamunicipal.com.ar\/argentina\/wp-json\/wp\/v2\/posts\/20834\/revisions"}],"wp:featuredmedia":[{"embeddable":true,"href":"http:\/\/argentinamunicipal.com.ar\/argentina\/wp-json\/wp\/v2\/media\/20835"}],"wp:attachment":[{"href":"http:\/\/argentinamunicipal.com.ar\/argentina\/wp-json\/wp\/v2\/media?parent=20834"}],"wp:term":[{"taxonomy":"category","embeddable":true,"href":"http:\/\/argentinamunicipal.com.ar\/argentina\/wp-json\/wp\/v2\/categories?post=20834"},{"taxonomy":"post_tag","embeddable":true,"href":"http:\/\/argentinamunicipal.com.ar\/argentina\/wp-json\/wp\/v2\/tags?post=20834"}],"curies":[{"name":"wp","href":"https:\/\/api.w.org\/{rel}","templated":true}]}}